{"id":7346,"date":"2025-02-17T09:11:11","date_gmt":"2025-02-17T08:11:11","guid":{"rendered":"https:\/\/catalanfood.com\/de\/catalonia-showcases-its-fruit-sector-at-fruit-logistica-2025\/"},"modified":"2025-03-07T12:18:21","modified_gmt":"2025-03-07T11:18:21","slug":"katalonien-stellt-seinen-obstsektor-auf-der-fruit-logistica-2025-vor","status":"publish","type":"post","link":"https:\/\/catalanfood.com\/de\/katalonien-stellt-seinen-obstsektor-auf-der-fruit-logistica-2025-vor\/","title":{"rendered":"Katalonien stellt seinen Obstsektor auf der Fruit Logistica 2025 vor"},"content":{"rendered":"\n<p>Die Regierung von Katalonien organisiert durch <strong>PRODECA und die Marke Catalan Food<\/strong> die Teilnahme katalanischer Obstunternehmen an der <strong>Fruit Logistica 2025<\/strong>, die vom 5. bis 7. Februar in Berlin stattfindet. Rund 20 katalanische Unternehmen und Organisationen werden teilnehmen, davon 11, die im <strong>Katalonien-Pavillon<\/strong> ausstellen, um die Exzellenz der Region im Bereich Frischprodukte sowie ihr Engagement f\u00fcr nachhaltige und qualitativ hochwertige Landwirtschaft hervorzuheben.<\/p>\n\n\n\n<p>Zur Unterst\u00fctzung des Sektors wird der katalanische Minister f\u00fcr Landwirtschaft, <strong>\u00d2scar Ordeig<\/strong>, zusammen mit der <strong>Gesch\u00e4ftsf\u00fchrerin von PRODECA, D\u00e8lia Perpiny\u00e0<\/strong>, und der <strong>Delegierten der Regierung Kataloniens in Deutschland, Marie Kapretz<\/strong>, die Messe besuchen. Ihre Agenda umfasst wichtige Treffen, um internationale Gesch\u00e4ftskontakte zu st\u00e4rken und die Position Kataloniens als vertrauensw\u00fcrdigen Lieferanten von Premium-Obst zu festigen.<\/p>\n\n\n\n<figure class=\"wp-block-image aligncenter size-large is-resized\"><img fetchpriority=\"high\" decoding=\"async\" width=\"1024\" height=\"683\" src=\"https:\/\/catalanfood.com\/de\/wp-content\/uploads\/sites\/8\/2025\/03\/WhatsApp-Image-2025-02-05-at-15.54.35-1024x683.jpeg\" alt=\"\" class=\"wp-image-7348\" style=\"width:578px;height:auto\" srcset=\"https:\/\/catalanfood.com\/de\/wp-content\/uploads\/sites\/8\/2025\/03\/WhatsApp-Image-2025-02-05-at-15.54.35-1024x683.jpeg 1024w, https:\/\/catalanfood.com\/de\/wp-content\/uploads\/sites\/8\/2025\/03\/WhatsApp-Image-2025-02-05-at-15.54.35-300x200.jpeg 300w, https:\/\/catalanfood.com\/de\/wp-content\/uploads\/sites\/8\/2025\/03\/WhatsApp-Image-2025-02-05-at-15.54.35-768x512.jpeg 768w, https:\/\/catalanfood.com\/de\/wp-content\/uploads\/sites\/8\/2025\/03\/WhatsApp-Image-2025-02-05-at-15.54.35-1536x1024.jpeg 1536w, https:\/\/catalanfood.com\/de\/wp-content\/uploads\/sites\/8\/2025\/03\/WhatsApp-Image-2025-02-05-at-15.54.35.jpeg 1620w\" sizes=\"(max-width: 1024px) 100vw, 1024px\" \/><\/figure>\n\n\n\n<h3 class=\"wp-block-heading\"><strong>Katalonien: Ein europ\u00e4ischer Marktf\u00fchrer in der Produktion von Qualit\u00e4tsfr\u00fcchten<\/strong><\/h3>\n\n\n\n<p>Katalonien geh\u00f6rt zu den gr\u00f6\u00dften Obstproduzenten Europas und erntet j\u00e4hrlich fast <strong>eine Million Tonnen<\/strong> unter strengen Qualit\u00e4ts- und Nachhaltigkeitsstandards. Die Region f\u00fchrt Spanien in der Produktion von S\u00fc\u00dffr\u00fcchten an, wobei <strong>\u00c4pfel und Birnen mehr als 50% der nationalen Produktion<\/strong> ausmachen, und Steinfr\u00fcchte wie <strong>Pfirsiche und Nektarinen 30-35%<\/strong> der Gesamtproduktion Spaniens ausmachen. Mehr als <strong>90% der katalanischen Fr\u00fcchte werden frisch verkauft<\/strong>, um die h\u00f6chsten Anforderungen der internationalen M\u00e4rkte zu erf\u00fcllen.<\/p>\n\n\n\n<p>Der Obst- und Gem\u00fcsesektor ist die <strong>drittgr\u00f6\u00dfte Agrarlebensmittel-Exportindustrie<\/strong> Kataloniens. Im Jahr <strong>2024 (Jan-Nov)<\/strong> exportierte die Region <strong>761.000 Tonnen Obst im Wert von fast 1,04 Milliarden Euro<\/strong>, was eine <strong>3,26%ige Wertsteigerung<\/strong> im Vergleich zu 2023 darstellt. Kataloniens <strong>Engagement f\u00fcr Exzellenz spiegelt sich in seinen 374 regelm\u00e4\u00dfigen Obstexporteuren<\/strong> wider, die <strong>20% der Gesamtzahl Spaniens<\/strong> ausmachen.<\/p>\n\n\n\n<h3 class=\"wp-block-heading\"><strong>Deutschland: Der wichtigste Markt f\u00fcr katalanische Lebensmittel<\/strong><\/h3>\n\n\n\n<p>Katalonien exportiert Obst in <strong>198 L\u00e4nder<\/strong>, wobei <strong>die EU den Hauptmarkt darstellt (85% der Exporte)<\/strong>. <strong>Deutschland ist das wichtigste Ziel<\/strong>, gefolgt von Frankreich und Italien. <strong>Katalanische Pfirsiche, Nektarinen, \u00c4pfel und Birnen<\/strong> sind aufgrund ihres Geschmacks, ihrer R\u00fcckverfolgbarkeit und Lebensmittelsicherheit hochgesch\u00e4tzt und gelten als Ma\u00dfstab f\u00fcr Premium-Frischprodukte.<\/p>\n\n\n\n<p>Die Fruit Logistica 2025 bietet eine <strong>strategische Plattform, um Kataloniens F\u00fchrung in der Produktion von Qualit\u00e4tsfr\u00fcchten<\/strong> zu pr\u00e4sentieren und den globalen Ruf der Marke <strong>Catalan Food<\/strong> f\u00fcr Exzellenz und Nachhaltigkeit weiter zu festigen.<\/p>\n\n\n\n<figure class=\"wp-block-gallery has-nested-images columns-default is-cropped wp-block-gallery-1 is-layout-flex wp-block-gallery-is-layout-flex\">\n<figure class=\"wp-block-image size-large\"><img decoding=\"async\" data-id=\"6124\" src=\"https:\/\/catalanfood.com\/wp-content\/uploads\/2025\/02\/familia-fruit-logistic-edited-scaled.jpeg\" alt=\"\" class=\"wp-image-6124\"\/><\/figure>\n<\/figure>\n","protected":false},"excerpt":{"rendered":"<p>Die Regierung von Katalonien organisiert durch PRODECA und die Marke Catalan Food die Teilnahme katalanischer Obstunternehmen an der Fruit Logistica 2025, die vom 5. bis 7. Februar in Berlin stattfindet. Rund 20 katalanische Unternehmen und Organisationen werden teilnehmen, davon 11, die im Katalonien-Pavillon ausstellen, um die Exzellenz der Region im Bereich Frischprodukte sowie ihr Engagement [&hellip;]<\/p>\n","protected":false},"author":3,"featured_media":7349,"comment_status":"open","ping_status":"open","sticky":false,"template":"","format":"standard","meta":{"_acf_changed":false,"footnotes":""},"categories":[24],"tags":[],"market":[8],"news-type":[19],"class_list":["post-7346","post","type-post","status-publish","format-standard","has-post-thumbnail","hentry","category-food","market-germany","news-type-events"],"acf":{"subtitle":"Katalonien geh\u00f6rt zu den gr\u00f6\u00dften Obstproduzenten Europas und erntet j\u00e4hrlich fast eine Million Tonnen unter strengen Qualit\u00e4ts- und Nachhaltigkeitsstandards.","featured":true,"market":8,"location":"Berlin, Deutschland","date":"20250206","type":[19]},"yoast_head":"<!-- This site is optimized with the Yoast SEO plugin v27.1.1 - https:\/\/yoast.com\/product\/yoast-seo-wordpress\/ -->\n<title>Katalonien stellt seinen Obstsektor auf der Fruit Logistica 2025 vor | Catalan Food DE<\/title>\n<meta name=\"robots\" content=\"index, follow, max-snippet:-1, max-image-preview:large, max-video-preview:-1\" \/>\n<link rel=\"canonical\" href=\"https:\/\/catalanfood.com\/de\/katalonien-stellt-seinen-obstsektor-auf-der-fruit-logistica-2025-vor\/\" \/>\n<meta property=\"og:locale\" content=\"en_GB\" \/>\n<meta property=\"og:type\" content=\"article\" \/>\n<meta property=\"og:title\" content=\"Katalonien stellt seinen Obstsektor auf der Fruit Logistica 2025 vor | Catalan Food DE\" \/>\n<meta property=\"og:description\" content=\"Die Regierung von Katalonien organisiert durch PRODECA und die Marke Catalan Food die Teilnahme katalanischer Obstunternehmen an der Fruit Logistica 2025, die vom 5. bis 7. Februar in Berlin stattfindet. Rund 20 katalanische Unternehmen und Organisationen werden teilnehmen, davon 11, die im Katalonien-Pavillon ausstellen, um die Exzellenz der Region im Bereich Frischprodukte sowie ihr Engagement [&hellip;]\" \/>\n<meta property=\"og:url\" content=\"https:\/\/catalanfood.com\/de\/katalonien-stellt-seinen-obstsektor-auf-der-fruit-logistica-2025-vor\/\" \/>\n<meta property=\"og:site_name\" content=\"Catalan Food DE\" \/>\n<meta property=\"article:published_time\" content=\"2025-02-17T08:11:11+00:00\" \/>\n<meta property=\"article:modified_time\" content=\"2025-03-07T11:18:21+00:00\" \/>\n<meta property=\"og:image\" content=\"https:\/\/catalanfood.com\/de\/wp-content\/uploads\/sites\/8\/2025\/03\/fruit.jpg\" \/>\n\t<meta property=\"og:image:width\" content=\"1267\" \/>\n\t<meta property=\"og:image:height\" content=\"524\" \/>\n\t<meta property=\"og:image:type\" content=\"image\/jpeg\" \/>\n<meta name=\"author\" content=\"gemmamoliner\" \/>\n<meta name=\"twitter:card\" content=\"summary_large_image\" \/>\n<meta name=\"twitter:label1\" content=\"Written by\" \/>\n\t<meta name=\"twitter:data1\" content=\"gemmamoliner\" \/>\n\t<meta name=\"twitter:label2\" content=\"Estimated reading time\" \/>\n\t<meta name=\"twitter:data2\" content=\"3 minutes\" \/>\n<script type=\"application\/ld+json\" class=\"yoast-schema-graph\">{\"@context\":\"https:\/\/schema.org\",\"@graph\":[{\"@type\":\"Article\",\"@id\":\"https:\/\/catalanfood.com\/de\/katalonien-stellt-seinen-obstsektor-auf-der-fruit-logistica-2025-vor\/#article\",\"isPartOf\":{\"@id\":\"https:\/\/catalanfood.com\/de\/katalonien-stellt-seinen-obstsektor-auf-der-fruit-logistica-2025-vor\/\"},\"author\":{\"name\":\"gemmamoliner\",\"@id\":\"https:\/\/catalanfood.com\/de\/#\/schema\/person\/b6458e78085a7a08329c9cb7582c108c\"},\"headline\":\"Katalonien stellt seinen Obstsektor auf der Fruit Logistica 2025 vor\",\"datePublished\":\"2025-02-17T08:11:11+00:00\",\"dateModified\":\"2025-03-07T11:18:21+00:00\",\"mainEntityOfPage\":{\"@id\":\"https:\/\/catalanfood.com\/de\/katalonien-stellt-seinen-obstsektor-auf-der-fruit-logistica-2025-vor\/\"},\"wordCount\":366,\"commentCount\":0,\"image\":{\"@id\":\"https:\/\/catalanfood.com\/de\/katalonien-stellt-seinen-obstsektor-auf-der-fruit-logistica-2025-vor\/#primaryimage\"},\"thumbnailUrl\":\"https:\/\/catalanfood.com\/de\/wp-content\/uploads\/sites\/8\/2025\/03\/fruit.jpg\",\"articleSection\":[\"Essen\"],\"inLanguage\":\"en-GB\",\"potentialAction\":[{\"@type\":\"CommentAction\",\"name\":\"Comment\",\"target\":[\"https:\/\/catalanfood.com\/de\/katalonien-stellt-seinen-obstsektor-auf-der-fruit-logistica-2025-vor\/#respond\"]}]},{\"@type\":\"WebPage\",\"@id\":\"https:\/\/catalanfood.com\/de\/katalonien-stellt-seinen-obstsektor-auf-der-fruit-logistica-2025-vor\/\",\"url\":\"https:\/\/catalanfood.com\/de\/katalonien-stellt-seinen-obstsektor-auf-der-fruit-logistica-2025-vor\/\",\"name\":\"Katalonien stellt seinen Obstsektor auf der Fruit Logistica 2025 vor | Catalan Food DE\",\"isPartOf\":{\"@id\":\"https:\/\/catalanfood.com\/de\/#website\"},\"primaryImageOfPage\":{\"@id\":\"https:\/\/catalanfood.com\/de\/katalonien-stellt-seinen-obstsektor-auf-der-fruit-logistica-2025-vor\/#primaryimage\"},\"image\":{\"@id\":\"https:\/\/catalanfood.com\/de\/katalonien-stellt-seinen-obstsektor-auf-der-fruit-logistica-2025-vor\/#primaryimage\"},\"thumbnailUrl\":\"https:\/\/catalanfood.com\/de\/wp-content\/uploads\/sites\/8\/2025\/03\/fruit.jpg\",\"datePublished\":\"2025-02-17T08:11:11+00:00\",\"dateModified\":\"2025-03-07T11:18:21+00:00\",\"author\":{\"@id\":\"https:\/\/catalanfood.com\/de\/#\/schema\/person\/b6458e78085a7a08329c9cb7582c108c\"},\"breadcrumb\":{\"@id\":\"https:\/\/catalanfood.com\/de\/katalonien-stellt-seinen-obstsektor-auf-der-fruit-logistica-2025-vor\/#breadcrumb\"},\"inLanguage\":\"en-GB\",\"potentialAction\":[{\"@type\":\"ReadAction\",\"target\":[\"https:\/\/catalanfood.com\/de\/katalonien-stellt-seinen-obstsektor-auf-der-fruit-logistica-2025-vor\/\"]}]},{\"@type\":\"ImageObject\",\"inLanguage\":\"en-GB\",\"@id\":\"https:\/\/catalanfood.com\/de\/katalonien-stellt-seinen-obstsektor-auf-der-fruit-logistica-2025-vor\/#primaryimage\",\"url\":\"https:\/\/catalanfood.com\/de\/wp-content\/uploads\/sites\/8\/2025\/03\/fruit.jpg\",\"contentUrl\":\"https:\/\/catalanfood.com\/de\/wp-content\/uploads\/sites\/8\/2025\/03\/fruit.jpg\",\"width\":1267,\"height\":524},{\"@type\":\"BreadcrumbList\",\"@id\":\"https:\/\/catalanfood.com\/de\/katalonien-stellt-seinen-obstsektor-auf-der-fruit-logistica-2025-vor\/#breadcrumb\",\"itemListElement\":[{\"@type\":\"ListItem\",\"position\":1,\"name\":\"Home\",\"item\":\"https:\/\/catalanfood.com\/de\/\"},{\"@type\":\"ListItem\",\"position\":2,\"name\":\"Katalonien stellt seinen Obstsektor auf der Fruit Logistica 2025 vor\"}]},{\"@type\":\"WebSite\",\"@id\":\"https:\/\/catalanfood.com\/de\/#website\",\"url\":\"https:\/\/catalanfood.com\/de\/\",\"name\":\"Catalan Food DE\",\"description\":\"\",\"potentialAction\":[{\"@type\":\"SearchAction\",\"target\":{\"@type\":\"EntryPoint\",\"urlTemplate\":\"https:\/\/catalanfood.com\/de\/?s={search_term_string}\"},\"query-input\":{\"@type\":\"PropertyValueSpecification\",\"valueRequired\":true,\"valueName\":\"search_term_string\"}}],\"inLanguage\":\"en-GB\"},{\"@type\":\"Person\",\"@id\":\"https:\/\/catalanfood.com\/de\/#\/schema\/person\/b6458e78085a7a08329c9cb7582c108c\",\"name\":\"gemmamoliner\",\"image\":{\"@type\":\"ImageObject\",\"inLanguage\":\"en-GB\",\"@id\":\"https:\/\/catalanfood.com\/de\/#\/schema\/person\/image\/\",\"url\":\"https:\/\/secure.gravatar.com\/avatar\/952054c5f74ada92755441509617e942dc14529bdb0ecad0274a39cca4d3974a?s=96&d=mm&r=g\",\"contentUrl\":\"https:\/\/secure.gravatar.com\/avatar\/952054c5f74ada92755441509617e942dc14529bdb0ecad0274a39cca4d3974a?s=96&d=mm&r=g\",\"caption\":\"gemmamoliner\"},\"url\":\"https:\/\/catalanfood.com\/de\/author\/gemmamoliner\/\"}]}<\/script>\n<!-- \/ Yoast SEO plugin. -->","yoast_head_json":{"title":"Katalonien stellt seinen Obstsektor auf der Fruit Logistica 2025 vor | Catalan Food DE","robots":{"index":"index","follow":"follow","max-snippet":"max-snippet:-1","max-image-preview":"max-image-preview:large","max-video-preview":"max-video-preview:-1"},"canonical":"https:\/\/catalanfood.com\/de\/katalonien-stellt-seinen-obstsektor-auf-der-fruit-logistica-2025-vor\/","og_locale":"en_GB","og_type":"article","og_title":"Katalonien stellt seinen Obstsektor auf der Fruit Logistica 2025 vor | Catalan Food DE","og_description":"Die Regierung von Katalonien organisiert durch PRODECA und die Marke Catalan Food die Teilnahme katalanischer Obstunternehmen an der Fruit Logistica 2025, die vom 5. bis 7. Februar in Berlin stattfindet. Rund 20 katalanische Unternehmen und Organisationen werden teilnehmen, davon 11, die im Katalonien-Pavillon ausstellen, um die Exzellenz der Region im Bereich Frischprodukte sowie ihr Engagement [&hellip;]","og_url":"https:\/\/catalanfood.com\/de\/katalonien-stellt-seinen-obstsektor-auf-der-fruit-logistica-2025-vor\/","og_site_name":"Catalan Food DE","article_published_time":"2025-02-17T08:11:11+00:00","article_modified_time":"2025-03-07T11:18:21+00:00","og_image":[{"width":1267,"height":524,"url":"https:\/\/catalanfood.com\/de\/wp-content\/uploads\/sites\/8\/2025\/03\/fruit.jpg","type":"image\/jpeg"}],"author":"gemmamoliner","twitter_card":"summary_large_image","twitter_misc":{"Written by":"gemmamoliner","Estimated reading time":"3 minutes"},"schema":{"@context":"https:\/\/schema.org","@graph":[{"@type":"Article","@id":"https:\/\/catalanfood.com\/de\/katalonien-stellt-seinen-obstsektor-auf-der-fruit-logistica-2025-vor\/#article","isPartOf":{"@id":"https:\/\/catalanfood.com\/de\/katalonien-stellt-seinen-obstsektor-auf-der-fruit-logistica-2025-vor\/"},"author":{"name":"gemmamoliner","@id":"https:\/\/catalanfood.com\/de\/#\/schema\/person\/b6458e78085a7a08329c9cb7582c108c"},"headline":"Katalonien stellt seinen Obstsektor auf der Fruit Logistica 2025 vor","datePublished":"2025-02-17T08:11:11+00:00","dateModified":"2025-03-07T11:18:21+00:00","mainEntityOfPage":{"@id":"https:\/\/catalanfood.com\/de\/katalonien-stellt-seinen-obstsektor-auf-der-fruit-logistica-2025-vor\/"},"wordCount":366,"commentCount":0,"image":{"@id":"https:\/\/catalanfood.com\/de\/katalonien-stellt-seinen-obstsektor-auf-der-fruit-logistica-2025-vor\/#primaryimage"},"thumbnailUrl":"https:\/\/catalanfood.com\/de\/wp-content\/uploads\/sites\/8\/2025\/03\/fruit.jpg","articleSection":["Essen"],"inLanguage":"en-GB","potentialAction":[{"@type":"CommentAction","name":"Comment","target":["https:\/\/catalanfood.com\/de\/katalonien-stellt-seinen-obstsektor-auf-der-fruit-logistica-2025-vor\/#respond"]}]},{"@type":"WebPage","@id":"https:\/\/catalanfood.com\/de\/katalonien-stellt-seinen-obstsektor-auf-der-fruit-logistica-2025-vor\/","url":"https:\/\/catalanfood.com\/de\/katalonien-stellt-seinen-obstsektor-auf-der-fruit-logistica-2025-vor\/","name":"Katalonien stellt seinen Obstsektor auf der Fruit Logistica 2025 vor | Catalan Food DE","isPartOf":{"@id":"https:\/\/catalanfood.com\/de\/#website"},"primaryImageOfPage":{"@id":"https:\/\/catalanfood.com\/de\/katalonien-stellt-seinen-obstsektor-auf-der-fruit-logistica-2025-vor\/#primaryimage"},"image":{"@id":"https:\/\/catalanfood.com\/de\/katalonien-stellt-seinen-obstsektor-auf-der-fruit-logistica-2025-vor\/#primaryimage"},"thumbnailUrl":"https:\/\/catalanfood.com\/de\/wp-content\/uploads\/sites\/8\/2025\/03\/fruit.jpg","datePublished":"2025-02-17T08:11:11+00:00","dateModified":"2025-03-07T11:18:21+00:00","author":{"@id":"https:\/\/catalanfood.com\/de\/#\/schema\/person\/b6458e78085a7a08329c9cb7582c108c"},"breadcrumb":{"@id":"https:\/\/catalanfood.com\/de\/katalonien-stellt-seinen-obstsektor-auf-der-fruit-logistica-2025-vor\/#breadcrumb"},"inLanguage":"en-GB","potentialAction":[{"@type":"ReadAction","target":["https:\/\/catalanfood.com\/de\/katalonien-stellt-seinen-obstsektor-auf-der-fruit-logistica-2025-vor\/"]}]},{"@type":"ImageObject","inLanguage":"en-GB","@id":"https:\/\/catalanfood.com\/de\/katalonien-stellt-seinen-obstsektor-auf-der-fruit-logistica-2025-vor\/#primaryimage","url":"https:\/\/catalanfood.com\/de\/wp-content\/uploads\/sites\/8\/2025\/03\/fruit.jpg","contentUrl":"https:\/\/catalanfood.com\/de\/wp-content\/uploads\/sites\/8\/2025\/03\/fruit.jpg","width":1267,"height":524},{"@type":"BreadcrumbList","@id":"https:\/\/catalanfood.com\/de\/katalonien-stellt-seinen-obstsektor-auf-der-fruit-logistica-2025-vor\/#breadcrumb","itemListElement":[{"@type":"ListItem","position":1,"name":"Home","item":"https:\/\/catalanfood.com\/de\/"},{"@type":"ListItem","position":2,"name":"Katalonien stellt seinen Obstsektor auf der Fruit Logistica 2025 vor"}]},{"@type":"WebSite","@id":"https:\/\/catalanfood.com\/de\/#website","url":"https:\/\/catalanfood.com\/de\/","name":"Catalan Food DE","description":"","potentialAction":[{"@type":"SearchAction","target":{"@type":"EntryPoint","urlTemplate":"https:\/\/catalanfood.com\/de\/?s={search_term_string}"},"query-input":{"@type":"PropertyValueSpecification","valueRequired":true,"valueName":"search_term_string"}}],"inLanguage":"en-GB"},{"@type":"Person","@id":"https:\/\/catalanfood.com\/de\/#\/schema\/person\/b6458e78085a7a08329c9cb7582c108c","name":"gemmamoliner","image":{"@type":"ImageObject","inLanguage":"en-GB","@id":"https:\/\/catalanfood.com\/de\/#\/schema\/person\/image\/","url":"https:\/\/secure.gravatar.com\/avatar\/952054c5f74ada92755441509617e942dc14529bdb0ecad0274a39cca4d3974a?s=96&d=mm&r=g","contentUrl":"https:\/\/secure.gravatar.com\/avatar\/952054c5f74ada92755441509617e942dc14529bdb0ecad0274a39cca4d3974a?s=96&d=mm&r=g","caption":"gemmamoliner"},"url":"https:\/\/catalanfood.com\/de\/author\/gemmamoliner\/"}]}},"_links":{"self":[{"href":"https:\/\/catalanfood.com\/de\/wp-json\/wp\/v2\/posts\/7346","targetHints":{"allow":["GET"]}}],"collection":[{"href":"https:\/\/catalanfood.com\/de\/wp-json\/wp\/v2\/posts"}],"about":[{"href":"https:\/\/catalanfood.com\/de\/wp-json\/wp\/v2\/types\/post"}],"author":[{"embeddable":true,"href":"https:\/\/catalanfood.com\/de\/wp-json\/wp\/v2\/users\/3"}],"replies":[{"embeddable":true,"href":"https:\/\/catalanfood.com\/de\/wp-json\/wp\/v2\/comments?post=7346"}],"version-history":[{"count":2,"href":"https:\/\/catalanfood.com\/de\/wp-json\/wp\/v2\/posts\/7346\/revisions"}],"predecessor-version":[{"id":7358,"href":"https:\/\/catalanfood.com\/de\/wp-json\/wp\/v2\/posts\/7346\/revisions\/7358"}],"acf:term":[{"embeddable":true,"taxonomy":"news-type","href":"https:\/\/catalanfood.com\/de\/wp-json\/wp\/v2\/news-type\/19"},{"embeddable":true,"taxonomy":"market","href":"https:\/\/catalanfood.com\/de\/wp-json\/wp\/v2\/market\/8"}],"wp:featuredmedia":[{"embeddable":true,"href":"https:\/\/catalanfood.com\/de\/wp-json\/wp\/v2\/media\/7349"}],"wp:attachment":[{"href":"https:\/\/catalanfood.com\/de\/wp-json\/wp\/v2\/media?parent=7346"}],"wp:term":[{"taxonomy":"category","embeddable":true,"href":"https:\/\/catalanfood.com\/de\/wp-json\/wp\/v2\/categories?post=7346"},{"taxonomy":"post_tag","embeddable":true,"href":"https:\/\/catalanfood.com\/de\/wp-json\/wp\/v2\/tags?post=7346"},{"taxonomy":"market","embeddable":true,"href":"https:\/\/catalanfood.com\/de\/wp-json\/wp\/v2\/market?post=7346"},{"taxonomy":"news-type","embeddable":true,"href":"https:\/\/catalanfood.com\/de\/wp-json\/wp\/v2\/news-type?post=7346"}],"curies":[{"name":"wp","href":"https:\/\/api.w.org\/{rel}","templated":true}]}}