{"id":7351,"date":"2024-10-10T10:24:00","date_gmt":"2024-10-10T09:24:00","guid":{"rendered":"https:\/\/catalanfood.com\/de\/ferran-adria-and-an-exhibition-on-catalan-gastronomy-key-figures-in-berlin\/"},"modified":"2025-03-07T12:11:17","modified_gmt":"2025-03-07T11:11:17","slug":"ferran-adria-and-an-exhibition-on-catalan-gastronomy-key-figures-in-berlin","status":"publish","type":"post","link":"https:\/\/catalanfood.com\/de\/ferran-adria-and-an-exhibition-on-catalan-gastronomy-key-figures-in-berlin\/","title":{"rendered":"Ferran Adri\u00e0 und eine Ausstellung \u00fcber die katalanische Gastronomie, wichtige Pers\u00f6nlichkeiten in Berlin"},"content":{"rendered":"\n<p>Die Sitzung von Ferran Adri\u00e0, die sowohl pers\u00f6nlich als auch per Live-Stream auf Deutsch verfolgt werden konnte, versammelte eine gro\u00dfe Auswahl an K\u00f6chen aus den f\u00fchrenden Restaurants Berlins sowie spezialisierte Medien und prominente Gastronomiefiguren aus Deutschland. Adri\u00e0 hielt eine 45-min\u00fctige Sitzung mit dem Titel \u201eDer Einfluss der katalanischen Haute Cuisine auf die Gastronomie\u201c.<\/p>\n\n\n\n<figure class=\"wp-block-image aligncenter\"><img decoding=\"async\" src=\"https:\/\/www.prodeca.cat\/sites\/default\/files\/inline-images\/BFW24_photo%20by%20CCollado_FD_17.jpg\" alt=\"\"\/><\/figure>\n\n\n\n<p>Toni Massan\u00e9s, Direktor der Alicia-Stiftung, f\u00fchrte in die Ausstellung \u201eKatalonien, das Land der Wunder. Von mittelalterlichen Rezepten zur Welt-Gastronomie-Region 2025\u201c ein, die in der Lichthoff-Halle des Acht-Veranstaltungsortes im Berliner Stadtteil Mitte stattfand. Die Ausstellung f\u00fchrt die Besucher durch sechs R\u00e4ume, die erkl\u00e4ren, wie Katalonien die weltweite kulinarische Szene h\u00e4ufig anf\u00fchrt, mit zahlreichen Restaurants, die auf der renommierten Liste \u201e50 Beste Restaurants der Welt\u201c stehen, darunter Disfrutar aus Barcelona.<\/p>\n\n\n\n<figure class=\"wp-block-image aligncenter\"><img decoding=\"async\" src=\"https:\/\/www.prodeca.cat\/sites\/default\/files\/inline-images\/BFW24_photo%20by%20CCollado_FD_10.jpg\" alt=\"\"\/><\/figure>\n\n\n\n<p>Die Ausstellung beginnt mit mittelalterlichen Referenzen und verkn\u00fcpft das internationale Prestige der heutigen katalanischen K\u00fcche mit ihren historischen Wurzeln. Ein Ausstellungsbereich hebt Kataloniens Biodiversit\u00e4t, Landschaften und kulinarische Tradition hervor und zitiert Josep Pla: \u201eDie K\u00fcche ist die Landschaft im Topf.\u201c Es wird gezeigt, wie die vielf\u00e4ltigen Landschaften der Region\u2014Berge, das Mittelmeer und die Binnenebenen\u2014zu einer breiten Palette hochwertiger Zutaten beitragen. Ein Mosaik aus mediterranen Aromen, darunter Oliven\u00f6l, Wein, Weizen, Fisch, Fleisch, Fr\u00fcchte und H\u00fclsenfr\u00fcchte, wird zusammen mit ikonischen katalanischen Gerichten wie suquet, esqueixada, escalivada und llonganissa pr\u00e4sentiert.<\/p>\n\n\n\n<p>Die Ausstellung umfasst auch Karten, die Kataloniens wichtigste Forschungszentren, kulinarische Infrastrukturen und Kochschulen hervorheben. Eine andere Karte zeigt katalanische Lebensmittelprodukte mit europ\u00e4ischen Qualit\u00e4tszertifikaten, die auf dem deutschen Markt hochgesch\u00e4tzt werden. Eine dritte Karte lokalisiert Michelin-Stern-Restaurants und solche mit prestigetr\u00e4chtigen internationalen Auszeichnungen.<\/p>\n\n\n\n<p>Laut Toni Massan\u00e9s: \u201eKatalonien bietet eine au\u00dfergew\u00f6hnliche K\u00fcche mit einer jahrtausendealten kulinarischen Tradition, einer F\u00fclle von Zutaten und einer gastronomischen Expertise, die es weltweit hervorstechen l\u00e4sst. Wir haben das Gl\u00fcck, dass Ferran Adri\u00e0, ein Genie in jedem Bereich, den er h\u00e4tte w\u00e4hlen k\u00f6nnen, in dieser fruchtbaren Umgebung Koch wurde und die Welt der K\u00fcche revolutionieren konnte.\u201c<\/p>\n\n\n\n<figure class=\"wp-block-image aligncenter\"><img decoding=\"async\" src=\"https:\/\/www.prodeca.cat\/sites\/default\/files\/inline-images\/BFW24_photo%20by%20CCollado_FD_30.jpg\" alt=\"\"\/><\/figure>\n\n\n\n<p>Prodeca hat in Zusammenarbeit mit dem Magazin <em>Cuina<\/em> eine Sonderpublikation mit dem Titel <em>Catalonia, the Land of Wonders. 1975\u20132025: Fifty Years That Changed World Gastronomy<\/em> herausgegeben. Diese Publikation wurde allen Teilnehmern des Events zusammen mit einer Flasche extra nativem Oliven\u00f6l \u00fcberreicht, das von der Katalanischen DOP-IGP-F\u00f6deration bereitgestellt wurde und f\u00fcnf der DOP-Oliven\u00f6le Kataloniens enth\u00e4lt: Siurana, Les Garrigues, Terra Alta, Baix Ebre-Montsi\u00e0 und Empord\u00e0.<\/p>\n\n\n\n<p>Die Publikation erkl\u00e4rt, wie sich die katalanische K\u00fcche in den letzten f\u00fcnf Jahrzehnten entwickelt hat, von einer historischen, aber nahezu unsichtbaren Tradition zu einer kulinarischen Bewegung, die die weltweite Gastronomiekarte ersch\u00fcttert und bereichert hat. In den letzten f\u00fcnfzig Jahren hat Katalonien seine eigene K\u00fcche wiederentdeckt, indem es eine brillante Vergangenheit mit mediterranen Einfl\u00fcssen kombiniert hat, die die Fantasie und das Talent einer Generation von furchtlosen K\u00f6chen inspiriert hat. Heute treiben diese K\u00f6che einen Paradigmenwechsel in der weltweiten K\u00fcche voran und machen sie durch ihre Beitr\u00e4ge reicher und vielf\u00e4ltiger.<\/p>\n\n\n\n<p>Zum Abschluss der Veranstaltung erkl\u00e4rte Alexandra Ambrinus, Direktorin der Berlin Food Week: \u201eWenn wir an kulinarische Innovation, Kreativit\u00e4t und Genialit\u00e4t dachten, war Ferran Adri\u00e0 der erste Name, der uns einfiel, um unser Jubil\u00e4um zu feiern. Zu sagen, dass seine K\u00fcche die moderne Gastronomie beeinflusst hat, ist eine Untertreibung. Er hat sie neu definiert, und seine Kreationen und seine Sprache sind immer noch relevant und transformieren K\u00fcchen weltweit. Dar\u00fcber hinaus geht die Arbeit der elBulli-Stiftung und der Alicia-Stiftung noch einen Schritt weiter, indem sie ges\u00fcndere, bessere und nachhaltigere Lebensmittel erforschen und entwickeln. Wir sind sehr stolz und dankbar, ihn als Gast in Berlin zu haben, um \u00fcber seinen Einfluss auf die globale Haute Cuisine zu sprechen.\u201c<\/p>\n\n\n\n<p>Die Veranstaltung ist Teil internationaler Aktivit\u00e4ten, die Katalonien als Welt-Gastronomie-Region 2025 f\u00f6rdern.<\/p>\n\n\n\n<p>Ab Freitag werden im House of Food Raum verschiedene katalanische Agrar- und Lebensmittelprodukte zum Kauf angeboten. Der katalanische Stand wird eine Auswahl von Produkten pr\u00e4sentieren, die bereits auf dem deutschen Markt vertreten sind.<\/p>\n\n\n\n<p><strong>Deutschland: Ein strategischer Markt f\u00fcr Katalonien<\/strong><\/p>\n\n\n\n<p>Deutschland ist ein etablierter Markt f\u00fcr den Agrar- und Lebensmittelsektor Kataloniens: Die 2023 exportierten 970 Millionen Euro machten 6,4 % der gesamten Exporte Kataloniens aus und machten Deutschland zum drittgr\u00f6\u00dften Zielmarkt f\u00fcr katalanische Exporte. Die wichtigsten exportierten Produkte nach Deutschland im Jahr 2023 waren Feinkost oder Mehrproduktkategorien im Wert von \u00fcber 305 Millionen Euro sowie Obst und Gem\u00fcse im Wert von mehr als 275 Millionen Euro.<\/p>\n\n\n\n<p>In den letzten 20 Jahren haben sich die Exporte aus Katalonien nach Deutschland nahezu verdoppelt, was einen Anstieg von 94 % seit 2003 widerspiegelt. Derzeit exportieren mehr als 800 katalanische Lebensmittel- und Getr\u00e4nkefirmen nach Deutschland, von denen 515 dies regelm\u00e4\u00dfig tun (seit mehr als vier aufeinanderfolgenden Jahren). In den letzten zehn Jahren ist die Zahl der regelm\u00e4\u00dfigen Exporteure aus Katalonien um mehr als 30 % gestiegen.<\/p>\n\n\n\n<p>Trotz des wettbewerbsintensiven und ausgereiften Marktes, der durch ein hohes Ma\u00df an Segmentierung und Vielfalt in den Lebensmittelangeboten gekennzeichnet ist, sind Faktoren wie Gesundheit, Nachhaltigkeit, Qualit\u00e4t und Bequemlichkeit entscheidend.<\/p>\n\n\n\n<p><strong>Prodeca\u2019s Engagement f\u00fcr die Agrar- und Lebensmittelpositionierung in Deutschland<\/strong><\/p>\n\n\n\n<p>Als strategischer Markt arbeitet Prodeca in den letzten Jahren intensiv daran, katalanische Produkte zu f\u00f6rdern und Unternehmen zu unterst\u00fctzen, die an Exporten nach Deutschland interessiert sind. In Zusammenarbeit mit der Delegation der katalanischen Regierung in Deutschland hat Prodeca mehrere kommerzielle Positionierungsaktivit\u00e4ten f\u00fcr katalanische Agrarprodukte organisiert, die auf Fachleute ausgerichtet sind, darunter Journalisten, Sommeliers, Gastronomen, Importeure, Distributoren und F\u00fchrungskr\u00e4fte f\u00fchrender Supermarktketten des Landes.<\/p>\n\n\n\n<p>Prodeca hat auch einen Katalog katalanischer Produkte f\u00fcr deutsche Distributoren und Importeure erstellt und verschiedene Verkostungen charakteristischer katalanischer Produkte wie Wein und Oliven\u00f6l organisiert, sowie In-Store-Promotions in Superm\u00e4rkten wie MitteMeer und El Colmado.<\/p>\n\n\n\n<p>Katalanische Unternehmen hatten au\u00dferdem die Gelegenheit, an gro\u00dfen internationalen Messen in Deutschland teilzunehmen, wie zum Beispiel ANUGA, einer der gr\u00f6\u00dften Multi-Produkt-Lebensmittelmessen der Welt; Prowein (D\u00fcsseldorf), einer wichtigen Messe f\u00fcr die Weinindustrie; Biofach (N\u00fcrnberg), der f\u00fchrenden Messe f\u00fcr biologische Lebensmittel in Europa; Fruit Logistica (Berlin), einem Treffpunkt f\u00fcr die Obst- und Gem\u00fcseindustrie; und ISM (K\u00f6ln), der wichtigsten internationalen Messe f\u00fcr S\u00fc\u00dfwaren und Snacks.<\/p>\n","protected":false},"excerpt":{"rendered":"<p>Die Sitzung von Ferran Adri\u00e0, die sowohl pers\u00f6nlich als auch per Live-Stream auf Deutsch verfolgt werden konnte, versammelte eine gro\u00dfe Auswahl an K\u00f6chen aus den f\u00fchrenden Restaurants Berlins sowie spezialisierte Medien und prominente Gastronomiefiguren aus Deutschland. Adri\u00e0 hielt eine 45-min\u00fctige Sitzung mit dem Titel \u201eDer Einfluss der katalanischen Haute Cuisine auf die Gastronomie\u201c. Toni Massan\u00e9s, [&hellip;]<\/p>\n","protected":false},"author":1,"featured_media":1209,"comment_status":"open","ping_status":"open","sticky":false,"template":"","format":"standard","meta":{"_acf_changed":false,"footnotes":""},"categories":[23],"tags":[],"market":[8],"news-type":[18],"class_list":["post-7351","post","type-post","status-publish","format-standard","has-post-thumbnail","hentry","category-gastronomy","market-germany","news-type-news"],"acf":{"subtitle":"Die Berlin Food Week, das bedeutendste st\u00e4dtische gastronomische Event Deutschlands, feiert ihr 10-j\u00e4hriges Jubil\u00e4um und erkennt die Rolle Kataloniens in der globalen kulinarischen Innovation an. Dazu geh\u00f6rt ein Masterclass von Ferran Adri\u00e0 sowie eine Ausstellung \u00fcber die weltweite Bedeutung der katalanischen Gastronomie.","featured":false,"market":8,"location":"Berlin, Deutschland","date":"20241010","type":[18]},"yoast_head":"<!-- This site is optimized with the Yoast SEO plugin v27.1.1 - https:\/\/yoast.com\/product\/yoast-seo-wordpress\/ -->\n<title>Ferran Adri\u00e0 und eine Ausstellung \u00fcber die katalanische Gastronomie, wichtige Pers\u00f6nlichkeiten in Berlin | Catalan Food DE<\/title>\n<meta name=\"robots\" content=\"index, follow, max-snippet:-1, max-image-preview:large, max-video-preview:-1\" \/>\n<link rel=\"canonical\" href=\"https:\/\/catalanfood.com\/de\/ferran-adria-and-an-exhibition-on-catalan-gastronomy-key-figures-in-berlin\/\" \/>\n<meta property=\"og:locale\" content=\"en_GB\" \/>\n<meta property=\"og:type\" content=\"article\" \/>\n<meta property=\"og:title\" content=\"Ferran Adri\u00e0 und eine Ausstellung \u00fcber die katalanische Gastronomie, wichtige Pers\u00f6nlichkeiten in Berlin | Catalan Food DE\" \/>\n<meta property=\"og:description\" content=\"Die Sitzung von Ferran Adri\u00e0, die sowohl pers\u00f6nlich als auch per Live-Stream auf Deutsch verfolgt werden konnte, versammelte eine gro\u00dfe Auswahl an K\u00f6chen aus den f\u00fchrenden Restaurants Berlins sowie spezialisierte Medien und prominente Gastronomiefiguren aus Deutschland. Adri\u00e0 hielt eine 45-min\u00fctige Sitzung mit dem Titel \u201eDer Einfluss der katalanischen Haute Cuisine auf die Gastronomie\u201c. Toni Massan\u00e9s, [&hellip;]\" \/>\n<meta property=\"og:url\" content=\"https:\/\/catalanfood.com\/de\/ferran-adria-and-an-exhibition-on-catalan-gastronomy-key-figures-in-berlin\/\" \/>\n<meta property=\"og:site_name\" content=\"Catalan Food DE\" \/>\n<meta property=\"article:published_time\" content=\"2024-10-10T09:24:00+00:00\" \/>\n<meta property=\"article:modified_time\" content=\"2025-03-07T11:11:17+00:00\" \/>\n<meta property=\"og:image\" content=\"https:\/\/catalanfood.com\/de\/wp-content\/uploads\/sites\/8\/2024\/12\/GZh3A3FW0AcWiKi-jpg.webp\" \/>\n\t<meta property=\"og:image:width\" content=\"1200\" \/>\n\t<meta property=\"og:image:height\" content=\"800\" \/>\n\t<meta property=\"og:image:type\" content=\"image\/webp\" \/>\n<meta name=\"author\" content=\"02740f57436b\" \/>\n<meta name=\"twitter:card\" content=\"summary_large_image\" \/>\n<meta name=\"twitter:label1\" content=\"Written by\" \/>\n\t<meta name=\"twitter:data1\" content=\"02740f57436b\" \/>\n\t<meta name=\"twitter:label2\" content=\"Estimated reading time\" \/>\n\t<meta name=\"twitter:data2\" content=\"5 minutes\" \/>\n<script type=\"application\/ld+json\" class=\"yoast-schema-graph\">{\"@context\":\"https:\/\/schema.org\",\"@graph\":[{\"@type\":\"Article\",\"@id\":\"https:\/\/catalanfood.com\/de\/ferran-adria-and-an-exhibition-on-catalan-gastronomy-key-figures-in-berlin\/#article\",\"isPartOf\":{\"@id\":\"https:\/\/catalanfood.com\/de\/ferran-adria-and-an-exhibition-on-catalan-gastronomy-key-figures-in-berlin\/\"},\"author\":{\"name\":\"02740f57436b\",\"@id\":\"https:\/\/catalanfood.com\/de\/#\/schema\/person\/2931c04adedca21547f62d11238e408e\"},\"headline\":\"Ferran Adri\u00e0 und eine Ausstellung \u00fcber die katalanische Gastronomie, wichtige Pers\u00f6nlichkeiten in Berlin\",\"datePublished\":\"2024-10-10T09:24:00+00:00\",\"dateModified\":\"2025-03-07T11:11:17+00:00\",\"mainEntityOfPage\":{\"@id\":\"https:\/\/catalanfood.com\/de\/ferran-adria-and-an-exhibition-on-catalan-gastronomy-key-figures-in-berlin\/\"},\"wordCount\":1045,\"commentCount\":0,\"image\":{\"@id\":\"https:\/\/catalanfood.com\/de\/ferran-adria-and-an-exhibition-on-catalan-gastronomy-key-figures-in-berlin\/#primaryimage\"},\"thumbnailUrl\":\"https:\/\/catalanfood.com\/de\/wp-content\/uploads\/sites\/8\/2024\/12\/GZh3A3FW0AcWiKi-jpg.webp\",\"articleSection\":[\"Gastronomie\"],\"inLanguage\":\"en-GB\",\"potentialAction\":[{\"@type\":\"CommentAction\",\"name\":\"Comment\",\"target\":[\"https:\/\/catalanfood.com\/de\/ferran-adria-and-an-exhibition-on-catalan-gastronomy-key-figures-in-berlin\/#respond\"]}]},{\"@type\":\"WebPage\",\"@id\":\"https:\/\/catalanfood.com\/de\/ferran-adria-and-an-exhibition-on-catalan-gastronomy-key-figures-in-berlin\/\",\"url\":\"https:\/\/catalanfood.com\/de\/ferran-adria-and-an-exhibition-on-catalan-gastronomy-key-figures-in-berlin\/\",\"name\":\"Ferran Adri\u00e0 und eine Ausstellung \u00fcber die katalanische Gastronomie, wichtige Pers\u00f6nlichkeiten in Berlin | Catalan Food DE\",\"isPartOf\":{\"@id\":\"https:\/\/catalanfood.com\/de\/#website\"},\"primaryImageOfPage\":{\"@id\":\"https:\/\/catalanfood.com\/de\/ferran-adria-and-an-exhibition-on-catalan-gastronomy-key-figures-in-berlin\/#primaryimage\"},\"image\":{\"@id\":\"https:\/\/catalanfood.com\/de\/ferran-adria-and-an-exhibition-on-catalan-gastronomy-key-figures-in-berlin\/#primaryimage\"},\"thumbnailUrl\":\"https:\/\/catalanfood.com\/de\/wp-content\/uploads\/sites\/8\/2024\/12\/GZh3A3FW0AcWiKi-jpg.webp\",\"datePublished\":\"2024-10-10T09:24:00+00:00\",\"dateModified\":\"2025-03-07T11:11:17+00:00\",\"author\":{\"@id\":\"https:\/\/catalanfood.com\/de\/#\/schema\/person\/2931c04adedca21547f62d11238e408e\"},\"breadcrumb\":{\"@id\":\"https:\/\/catalanfood.com\/de\/ferran-adria-and-an-exhibition-on-catalan-gastronomy-key-figures-in-berlin\/#breadcrumb\"},\"inLanguage\":\"en-GB\",\"potentialAction\":[{\"@type\":\"ReadAction\",\"target\":[\"https:\/\/catalanfood.com\/de\/ferran-adria-and-an-exhibition-on-catalan-gastronomy-key-figures-in-berlin\/\"]}]},{\"@type\":\"ImageObject\",\"inLanguage\":\"en-GB\",\"@id\":\"https:\/\/catalanfood.com\/de\/ferran-adria-and-an-exhibition-on-catalan-gastronomy-key-figures-in-berlin\/#primaryimage\",\"url\":\"https:\/\/catalanfood.com\/de\/wp-content\/uploads\/sites\/8\/2024\/12\/GZh3A3FW0AcWiKi-jpg.webp\",\"contentUrl\":\"https:\/\/catalanfood.com\/de\/wp-content\/uploads\/sites\/8\/2024\/12\/GZh3A3FW0AcWiKi-jpg.webp\",\"width\":1200,\"height\":800},{\"@type\":\"BreadcrumbList\",\"@id\":\"https:\/\/catalanfood.com\/de\/ferran-adria-and-an-exhibition-on-catalan-gastronomy-key-figures-in-berlin\/#breadcrumb\",\"itemListElement\":[{\"@type\":\"ListItem\",\"position\":1,\"name\":\"Home\",\"item\":\"https:\/\/catalanfood.com\/de\/\"},{\"@type\":\"ListItem\",\"position\":2,\"name\":\"Ferran Adri\u00e0 und eine Ausstellung \u00fcber die katalanische Gastronomie, wichtige Pers\u00f6nlichkeiten in Berlin\"}]},{\"@type\":\"WebSite\",\"@id\":\"https:\/\/catalanfood.com\/de\/#website\",\"url\":\"https:\/\/catalanfood.com\/de\/\",\"name\":\"Catalan Food DE\",\"description\":\"\",\"potentialAction\":[{\"@type\":\"SearchAction\",\"target\":{\"@type\":\"EntryPoint\",\"urlTemplate\":\"https:\/\/catalanfood.com\/de\/?s={search_term_string}\"},\"query-input\":{\"@type\":\"PropertyValueSpecification\",\"valueRequired\":true,\"valueName\":\"search_term_string\"}}],\"inLanguage\":\"en-GB\"},{\"@type\":\"Person\",\"@id\":\"https:\/\/catalanfood.com\/de\/#\/schema\/person\/2931c04adedca21547f62d11238e408e\",\"name\":\"02740f57436b\",\"image\":{\"@type\":\"ImageObject\",\"inLanguage\":\"en-GB\",\"@id\":\"https:\/\/catalanfood.com\/de\/#\/schema\/person\/image\/\",\"url\":\"https:\/\/secure.gravatar.com\/avatar\/2ae3a0bbf094015f20b4307ca4ffe06ac1ca20aa9bc01a2a68b653757cfc4d41?s=96&d=mm&r=g\",\"contentUrl\":\"https:\/\/secure.gravatar.com\/avatar\/2ae3a0bbf094015f20b4307ca4ffe06ac1ca20aa9bc01a2a68b653757cfc4d41?s=96&d=mm&r=g\",\"caption\":\"02740f57436b\"},\"sameAs\":[\"https:\/\/catalanfood.com\"],\"url\":\"https:\/\/catalanfood.com\/de\/author\/02740f57436b\/\"}]}<\/script>\n<!-- \/ Yoast SEO plugin. -->","yoast_head_json":{"title":"Ferran Adri\u00e0 und eine Ausstellung \u00fcber die katalanische Gastronomie, wichtige Pers\u00f6nlichkeiten in Berlin | Catalan Food DE","robots":{"index":"index","follow":"follow","max-snippet":"max-snippet:-1","max-image-preview":"max-image-preview:large","max-video-preview":"max-video-preview:-1"},"canonical":"https:\/\/catalanfood.com\/de\/ferran-adria-and-an-exhibition-on-catalan-gastronomy-key-figures-in-berlin\/","og_locale":"en_GB","og_type":"article","og_title":"Ferran Adri\u00e0 und eine Ausstellung \u00fcber die katalanische Gastronomie, wichtige Pers\u00f6nlichkeiten in Berlin | Catalan Food DE","og_description":"Die Sitzung von Ferran Adri\u00e0, die sowohl pers\u00f6nlich als auch per Live-Stream auf Deutsch verfolgt werden konnte, versammelte eine gro\u00dfe Auswahl an K\u00f6chen aus den f\u00fchrenden Restaurants Berlins sowie spezialisierte Medien und prominente Gastronomiefiguren aus Deutschland. Adri\u00e0 hielt eine 45-min\u00fctige Sitzung mit dem Titel \u201eDer Einfluss der katalanischen Haute Cuisine auf die Gastronomie\u201c. Toni Massan\u00e9s, [&hellip;]","og_url":"https:\/\/catalanfood.com\/de\/ferran-adria-and-an-exhibition-on-catalan-gastronomy-key-figures-in-berlin\/","og_site_name":"Catalan Food DE","article_published_time":"2024-10-10T09:24:00+00:00","article_modified_time":"2025-03-07T11:11:17+00:00","og_image":[{"width":1200,"height":800,"url":"https:\/\/catalanfood.com\/de\/wp-content\/uploads\/sites\/8\/2024\/12\/GZh3A3FW0AcWiKi-jpg.webp","type":"image\/webp"}],"author":"02740f57436b","twitter_card":"summary_large_image","twitter_misc":{"Written by":"02740f57436b","Estimated reading time":"5 minutes"},"schema":{"@context":"https:\/\/schema.org","@graph":[{"@type":"Article","@id":"https:\/\/catalanfood.com\/de\/ferran-adria-and-an-exhibition-on-catalan-gastronomy-key-figures-in-berlin\/#article","isPartOf":{"@id":"https:\/\/catalanfood.com\/de\/ferran-adria-and-an-exhibition-on-catalan-gastronomy-key-figures-in-berlin\/"},"author":{"name":"02740f57436b","@id":"https:\/\/catalanfood.com\/de\/#\/schema\/person\/2931c04adedca21547f62d11238e408e"},"headline":"Ferran Adri\u00e0 und eine Ausstellung \u00fcber die katalanische Gastronomie, wichtige Pers\u00f6nlichkeiten in Berlin","datePublished":"2024-10-10T09:24:00+00:00","dateModified":"2025-03-07T11:11:17+00:00","mainEntityOfPage":{"@id":"https:\/\/catalanfood.com\/de\/ferran-adria-and-an-exhibition-on-catalan-gastronomy-key-figures-in-berlin\/"},"wordCount":1045,"commentCount":0,"image":{"@id":"https:\/\/catalanfood.com\/de\/ferran-adria-and-an-exhibition-on-catalan-gastronomy-key-figures-in-berlin\/#primaryimage"},"thumbnailUrl":"https:\/\/catalanfood.com\/de\/wp-content\/uploads\/sites\/8\/2024\/12\/GZh3A3FW0AcWiKi-jpg.webp","articleSection":["Gastronomie"],"inLanguage":"en-GB","potentialAction":[{"@type":"CommentAction","name":"Comment","target":["https:\/\/catalanfood.com\/de\/ferran-adria-and-an-exhibition-on-catalan-gastronomy-key-figures-in-berlin\/#respond"]}]},{"@type":"WebPage","@id":"https:\/\/catalanfood.com\/de\/ferran-adria-and-an-exhibition-on-catalan-gastronomy-key-figures-in-berlin\/","url":"https:\/\/catalanfood.com\/de\/ferran-adria-and-an-exhibition-on-catalan-gastronomy-key-figures-in-berlin\/","name":"Ferran Adri\u00e0 und eine Ausstellung \u00fcber die katalanische Gastronomie, wichtige Pers\u00f6nlichkeiten in Berlin | Catalan Food DE","isPartOf":{"@id":"https:\/\/catalanfood.com\/de\/#website"},"primaryImageOfPage":{"@id":"https:\/\/catalanfood.com\/de\/ferran-adria-and-an-exhibition-on-catalan-gastronomy-key-figures-in-berlin\/#primaryimage"},"image":{"@id":"https:\/\/catalanfood.com\/de\/ferran-adria-and-an-exhibition-on-catalan-gastronomy-key-figures-in-berlin\/#primaryimage"},"thumbnailUrl":"https:\/\/catalanfood.com\/de\/wp-content\/uploads\/sites\/8\/2024\/12\/GZh3A3FW0AcWiKi-jpg.webp","datePublished":"2024-10-10T09:24:00+00:00","dateModified":"2025-03-07T11:11:17+00:00","author":{"@id":"https:\/\/catalanfood.com\/de\/#\/schema\/person\/2931c04adedca21547f62d11238e408e"},"breadcrumb":{"@id":"https:\/\/catalanfood.com\/de\/ferran-adria-and-an-exhibition-on-catalan-gastronomy-key-figures-in-berlin\/#breadcrumb"},"inLanguage":"en-GB","potentialAction":[{"@type":"ReadAction","target":["https:\/\/catalanfood.com\/de\/ferran-adria-and-an-exhibition-on-catalan-gastronomy-key-figures-in-berlin\/"]}]},{"@type":"ImageObject","inLanguage":"en-GB","@id":"https:\/\/catalanfood.com\/de\/ferran-adria-and-an-exhibition-on-catalan-gastronomy-key-figures-in-berlin\/#primaryimage","url":"https:\/\/catalanfood.com\/de\/wp-content\/uploads\/sites\/8\/2024\/12\/GZh3A3FW0AcWiKi-jpg.webp","contentUrl":"https:\/\/catalanfood.com\/de\/wp-content\/uploads\/sites\/8\/2024\/12\/GZh3A3FW0AcWiKi-jpg.webp","width":1200,"height":800},{"@type":"BreadcrumbList","@id":"https:\/\/catalanfood.com\/de\/ferran-adria-and-an-exhibition-on-catalan-gastronomy-key-figures-in-berlin\/#breadcrumb","itemListElement":[{"@type":"ListItem","position":1,"name":"Home","item":"https:\/\/catalanfood.com\/de\/"},{"@type":"ListItem","position":2,"name":"Ferran Adri\u00e0 und eine Ausstellung \u00fcber die katalanische Gastronomie, wichtige Pers\u00f6nlichkeiten in Berlin"}]},{"@type":"WebSite","@id":"https:\/\/catalanfood.com\/de\/#website","url":"https:\/\/catalanfood.com\/de\/","name":"Catalan Food DE","description":"","potentialAction":[{"@type":"SearchAction","target":{"@type":"EntryPoint","urlTemplate":"https:\/\/catalanfood.com\/de\/?s={search_term_string}"},"query-input":{"@type":"PropertyValueSpecification","valueRequired":true,"valueName":"search_term_string"}}],"inLanguage":"en-GB"},{"@type":"Person","@id":"https:\/\/catalanfood.com\/de\/#\/schema\/person\/2931c04adedca21547f62d11238e408e","name":"02740f57436b","image":{"@type":"ImageObject","inLanguage":"en-GB","@id":"https:\/\/catalanfood.com\/de\/#\/schema\/person\/image\/","url":"https:\/\/secure.gravatar.com\/avatar\/2ae3a0bbf094015f20b4307ca4ffe06ac1ca20aa9bc01a2a68b653757cfc4d41?s=96&d=mm&r=g","contentUrl":"https:\/\/secure.gravatar.com\/avatar\/2ae3a0bbf094015f20b4307ca4ffe06ac1ca20aa9bc01a2a68b653757cfc4d41?s=96&d=mm&r=g","caption":"02740f57436b"},"sameAs":["https:\/\/catalanfood.com"],"url":"https:\/\/catalanfood.com\/de\/author\/02740f57436b\/"}]}},"_links":{"self":[{"href":"https:\/\/catalanfood.com\/de\/wp-json\/wp\/v2\/posts\/7351","targetHints":{"allow":["GET"]}}],"collection":[{"href":"https:\/\/catalanfood.com\/de\/wp-json\/wp\/v2\/posts"}],"about":[{"href":"https:\/\/catalanfood.com\/de\/wp-json\/wp\/v2\/types\/post"}],"author":[{"embeddable":true,"href":"https:\/\/catalanfood.com\/de\/wp-json\/wp\/v2\/users\/1"}],"replies":[{"embeddable":true,"href":"https:\/\/catalanfood.com\/de\/wp-json\/wp\/v2\/comments?post=7351"}],"version-history":[{"count":1,"href":"https:\/\/catalanfood.com\/de\/wp-json\/wp\/v2\/posts\/7351\/revisions"}],"predecessor-version":[{"id":7373,"href":"https:\/\/catalanfood.com\/de\/wp-json\/wp\/v2\/posts\/7351\/revisions\/7373"}],"acf:term":[{"embeddable":true,"taxonomy":"news-type","href":"https:\/\/catalanfood.com\/de\/wp-json\/wp\/v2\/news-type\/18"},{"embeddable":true,"taxonomy":"market","href":"https:\/\/catalanfood.com\/de\/wp-json\/wp\/v2\/market\/8"}],"wp:featuredmedia":[{"embeddable":true,"href":"https:\/\/catalanfood.com\/de\/wp-json\/wp\/v2\/media\/1209"}],"wp:attachment":[{"href":"https:\/\/catalanfood.com\/de\/wp-json\/wp\/v2\/media?parent=7351"}],"wp:term":[{"taxonomy":"category","embeddable":true,"href":"https:\/\/catalanfood.com\/de\/wp-json\/wp\/v2\/categories?post=7351"},{"taxonomy":"post_tag","embeddable":true,"href":"https:\/\/catalanfood.com\/de\/wp-json\/wp\/v2\/tags?post=7351"},{"taxonomy":"market","embeddable":true,"href":"https:\/\/catalanfood.com\/de\/wp-json\/wp\/v2\/market?post=7351"},{"taxonomy":"news-type","embeddable":true,"href":"https:\/\/catalanfood.com\/de\/wp-json\/wp\/v2\/news-type?post=7351"}],"curies":[{"name":"wp","href":"https:\/\/api.w.org\/{rel}","templated":true}]}}