{"id":7352,"date":"2024-02-13T18:19:00","date_gmt":"2024-02-13T17:19:00","guid":{"rendered":"https:\/\/catalanfood.com\/de\/the-catalan-fruit-sector-claims-its-international-potential\/"},"modified":"2025-03-07T12:15:35","modified_gmt":"2025-03-07T11:15:35","slug":"the-catalan-fruit-sector-claims-its-international-potential","status":"publish","type":"post","link":"https:\/\/catalanfood.com\/de\/the-catalan-fruit-sector-claims-its-international-potential\/","title":{"rendered":"Der katalanische Obstsektor beansprucht sein internationales Potenzial"},"content":{"rendered":"\n<h3 class=\"wp-block-heading\">Katalanische Unternehmen, die an der Fruit Logistica 2024 teilnehmen:<\/h3>\n\n\n\n<ul class=\"wp-block-list\">\n<li>FRUIT BEE \u2013 Segri\u00e0<\/li>\n\n\n\n<li>PETR\u00c0S MUSHROOMS \u2013 Baix Llobregat<\/li>\n\n\n\n<li>CAL ROGET FRUITS \u2013 Segri\u00e0<\/li>\n\n\n\n<li>CERIMA CHERRIES \u2013 Ribera d\u2019Ebre<\/li>\n\n\n\n<li>FRESH CUP \u2013 Pla d\u2019Urgell<\/li>\n\n\n\n<li>DASBEN \u2013 Segri\u00e0<\/li>\n\n\n\n<li>FRUITS FONT \u2013 Segri\u00e0<\/li>\n\n\n\n<li>FRUTAS DIEGO MART\u00cdNEZ \u2013 Barcelon\u00e8s<\/li>\n\n\n\n<li>GRUPO CATALAN \u2013 Segri\u00e0<\/li>\n\n\n\n<li>IGP GIRONA APPLE \u2013 GYROPOMA \u2013 Giron\u00e8s<\/li>\n\n\n\n<li>SANDO CLEMENTINE<\/li>\n\n\n\n<li>TUGAS: SPROUTS AND MICROGREENS \u2013 Baix Llobregat<\/li>\n\n\n\n<li>AFRUCATED<\/li>\n\n\n\n<li>IRTA<\/li>\n\n\n\n<li>MERCABARNA \/ AGEM<\/li>\n<\/ul>\n\n\n\n<p><strong>Die Fruit Logistica, die vom 7. bis 9. Februar in Berlin stattfindet<\/strong>, ist ein Treffpunkt f\u00fcr die Obst- und Gem\u00fcseindustrie und vereint die gesamte Lieferkette in einer einzigen Veranstaltung. In diesem Kontext pr\u00e4sentieren sich katalanische Unternehmen mit dem Ziel, das Exportpotenzial des Sektors zu zeigen.<\/p>\n\n\n\n<p><\/p>\n\n\n\n<h4 class=\"wp-block-heading\">Katalonien ist eines der wichtigsten S\u00fc\u00dffruchtproduktionsgebiete in Europa und einer der weltweit gr\u00f6\u00dften Produzenten von Pfirsichen und Nektarinen.<\/h4>\n\n\n\n<p>Der Obst- und Gartenbausektor (Prodeca-Index) ist im Jahr 2023 (Januar-November) der drittgr\u00f6\u00dfte agri-food Exportssektor sowohl in Bezug auf den Wert als auch auf das Volumen. Der Sektor exportierte insgesamt 877.963 Tonnen und \u20ac1.095,03 Millionen im Jahr 2023 (von Januar bis November), was einen Anstieg von 11,05 % im Volumen und 16,66 % im Wert im Vergleich zum gleichen Zeitraum 2022 darstellt.<\/p>\n\n\n\n<p>Im Jahr 2023 erholte sich der Sektor von historischen Produktions- und Exportdaten nach einem Finanzjahr (2022), das von klimatischen Bedingungen (Frost im M\u00e4rz) gepr\u00e4gt war.<\/p>\n\n\n\n<p><strong>Katalonien exportiert 75 % der Fr\u00fcchte (im Verh\u00e4ltnis zu seiner Produktion)<\/strong> auf die internationalen M\u00e4rkte und ist in den anspruchsvollsten europ\u00e4ischen und internationalen Ketten in Bezug auf Qualit\u00e4t, R\u00fcckverfolgbarkeit und Lebensmittelsicherheit pr\u00e4sent.<\/p>\n\n\n\n<p><strong>Katalanische Obstexporte im Jahr 2023 (Januar-November) betrugen 756.006 Tonnen und \u20ac1.003,83 Millionen<\/strong>, was einen Anstieg von 13,43 % im Volumen und 17,07 % im Wert im Vergleich zum gleichen Zeitraum 2022 darstellt.<\/p>\n\n\n\n<p><strong>Katalanische Gem\u00fcseexporte im Jahr 2023 (Januar-November) betrugen 218.934 Tonnen und \u20ac273,67 Millionen<\/strong>, was einen Anstieg von 3,52 % im Volumen und 15,18 % im Wert im Vergleich zum gleichen Zeitraum 2022 darstellt.<\/p>\n\n\n\n<p>Die meistverkauften Produkte im Ausland in Bezug auf den Wert sind: Pfirsiche, Nektarinen, Zitrusfr\u00fcchte, \u00c4pfel und Birnen.<\/p>\n\n\n\n<p>Die Europ\u00e4ische Union ist der nat\u00fcrliche Markt f\u00fcr europ\u00e4isches Obst und der Markt, in dem die meisten Obst- und Gem\u00fcseproduzenten ihre Exporte absetzen. Viele Produzentenl\u00e4nder versuchen, mehr und mehr zu produzieren, weit \u00fcber den inneren Bedarf hinaus, um in Europa zu verkaufen, wo sie bei der Aufnahme von europ\u00e4ischem Obst nicht-reziproke Pr\u00e4ferenzbehandlungen genie\u00dfen.<\/p>\n","protected":false},"excerpt":{"rendered":"<p>Katalanische Unternehmen, die an der Fruit Logistica 2024 teilnehmen: Die Fruit Logistica, die vom 7. bis 9. Februar in Berlin stattfindet, ist ein Treffpunkt f\u00fcr die Obst- und Gem\u00fcseindustrie und vereint die gesamte Lieferkette in einer einzigen Veranstaltung. In diesem Kontext pr\u00e4sentieren sich katalanische Unternehmen mit dem Ziel, das Exportpotenzial des Sektors zu zeigen. Katalonien [&hellip;]<\/p>\n","protected":false},"author":1,"featured_media":7353,"comment_status":"open","ping_status":"open","sticky":false,"template":"","format":"standard","meta":{"_acf_changed":false,"footnotes":""},"categories":[24],"tags":[],"market":[8],"news-type":[18],"class_list":["post-7352","post","type-post","status-publish","format-standard","has-post-thumbnail","hentry","category-food","market-germany","news-type-news"],"acf":{"subtitle":"Etwa f\u00fcnfzehn katalanische Unternehmen aus dem Obstsektor nehmen derzeit mit Prodeca an der Fruit Logistica-Messe teil, einer der wichtigsten Fachveranstaltungen in Europa, unter der Marke \u201eKatalonien, wo Obst Kultur ist\u201c.","featured":false,"market":8,"location":"Berlin","date":"20240213","type":[18]},"yoast_head":"<!-- This site is optimized with the Yoast SEO plugin v27.1.1 - https:\/\/yoast.com\/product\/yoast-seo-wordpress\/ -->\n<title>Der katalanische Obstsektor beansprucht sein internationales Potenzial | Catalan Food DE<\/title>\n<meta name=\"robots\" content=\"index, follow, max-snippet:-1, max-image-preview:large, max-video-preview:-1\" \/>\n<link rel=\"canonical\" href=\"https:\/\/catalanfood.com\/de\/the-catalan-fruit-sector-claims-its-international-potential\/\" \/>\n<meta property=\"og:locale\" content=\"en_GB\" \/>\n<meta property=\"og:type\" content=\"article\" \/>\n<meta property=\"og:title\" content=\"Der katalanische Obstsektor beansprucht sein internationales Potenzial | Catalan Food DE\" \/>\n<meta property=\"og:description\" content=\"Katalanische Unternehmen, die an der Fruit Logistica 2024 teilnehmen: Die Fruit Logistica, die vom 7. bis 9. Februar in Berlin stattfindet, ist ein Treffpunkt f\u00fcr die Obst- und Gem\u00fcseindustrie und vereint die gesamte Lieferkette in einer einzigen Veranstaltung. In diesem Kontext pr\u00e4sentieren sich katalanische Unternehmen mit dem Ziel, das Exportpotenzial des Sektors zu zeigen. Katalonien [&hellip;]\" \/>\n<meta property=\"og:url\" content=\"https:\/\/catalanfood.com\/de\/the-catalan-fruit-sector-claims-its-international-potential\/\" \/>\n<meta property=\"og:site_name\" content=\"Catalan Food DE\" \/>\n<meta property=\"article:published_time\" content=\"2024-02-13T17:19:00+00:00\" \/>\n<meta property=\"article:modified_time\" content=\"2025-03-07T11:15:35+00:00\" \/>\n<meta property=\"og:image\" content=\"https:\/\/catalanfood.com\/de\/wp-content\/uploads\/sites\/8\/2025\/03\/fruit-logistica-1.jpeg\" \/>\n\t<meta property=\"og:image:width\" content=\"1600\" \/>\n\t<meta property=\"og:image:height\" content=\"1012\" \/>\n\t<meta property=\"og:image:type\" content=\"image\/jpeg\" \/>\n<meta name=\"author\" content=\"02740f57436b\" \/>\n<meta name=\"twitter:card\" content=\"summary_large_image\" \/>\n<meta name=\"twitter:label1\" content=\"Written by\" \/>\n\t<meta name=\"twitter:data1\" content=\"02740f57436b\" \/>\n\t<meta name=\"twitter:label2\" content=\"Estimated reading time\" \/>\n\t<meta name=\"twitter:data2\" content=\"2 minutes\" \/>\n<script type=\"application\/ld+json\" class=\"yoast-schema-graph\">{\"@context\":\"https:\/\/schema.org\",\"@graph\":[{\"@type\":\"Article\",\"@id\":\"https:\/\/catalanfood.com\/de\/the-catalan-fruit-sector-claims-its-international-potential\/#article\",\"isPartOf\":{\"@id\":\"https:\/\/catalanfood.com\/de\/the-catalan-fruit-sector-claims-its-international-potential\/\"},\"author\":{\"name\":\"02740f57436b\",\"@id\":\"https:\/\/catalanfood.com\/de\/#\/schema\/person\/2931c04adedca21547f62d11238e408e\"},\"headline\":\"Der katalanische Obstsektor beansprucht sein internationales Potenzial\",\"datePublished\":\"2024-02-13T17:19:00+00:00\",\"dateModified\":\"2025-03-07T11:15:35+00:00\",\"mainEntityOfPage\":{\"@id\":\"https:\/\/catalanfood.com\/de\/the-catalan-fruit-sector-claims-its-international-potential\/\"},\"wordCount\":379,\"commentCount\":0,\"image\":{\"@id\":\"https:\/\/catalanfood.com\/de\/the-catalan-fruit-sector-claims-its-international-potential\/#primaryimage\"},\"thumbnailUrl\":\"https:\/\/catalanfood.com\/de\/wp-content\/uploads\/sites\/8\/2025\/03\/fruit-logistica-1.jpeg\",\"articleSection\":[\"Essen\"],\"inLanguage\":\"en-GB\",\"potentialAction\":[{\"@type\":\"CommentAction\",\"name\":\"Comment\",\"target\":[\"https:\/\/catalanfood.com\/de\/the-catalan-fruit-sector-claims-its-international-potential\/#respond\"]}]},{\"@type\":\"WebPage\",\"@id\":\"https:\/\/catalanfood.com\/de\/the-catalan-fruit-sector-claims-its-international-potential\/\",\"url\":\"https:\/\/catalanfood.com\/de\/the-catalan-fruit-sector-claims-its-international-potential\/\",\"name\":\"Der katalanische Obstsektor beansprucht sein internationales Potenzial | Catalan Food DE\",\"isPartOf\":{\"@id\":\"https:\/\/catalanfood.com\/de\/#website\"},\"primaryImageOfPage\":{\"@id\":\"https:\/\/catalanfood.com\/de\/the-catalan-fruit-sector-claims-its-international-potential\/#primaryimage\"},\"image\":{\"@id\":\"https:\/\/catalanfood.com\/de\/the-catalan-fruit-sector-claims-its-international-potential\/#primaryimage\"},\"thumbnailUrl\":\"https:\/\/catalanfood.com\/de\/wp-content\/uploads\/sites\/8\/2025\/03\/fruit-logistica-1.jpeg\",\"datePublished\":\"2024-02-13T17:19:00+00:00\",\"dateModified\":\"2025-03-07T11:15:35+00:00\",\"author\":{\"@id\":\"https:\/\/catalanfood.com\/de\/#\/schema\/person\/2931c04adedca21547f62d11238e408e\"},\"breadcrumb\":{\"@id\":\"https:\/\/catalanfood.com\/de\/the-catalan-fruit-sector-claims-its-international-potential\/#breadcrumb\"},\"inLanguage\":\"en-GB\",\"potentialAction\":[{\"@type\":\"ReadAction\",\"target\":[\"https:\/\/catalanfood.com\/de\/the-catalan-fruit-sector-claims-its-international-potential\/\"]}]},{\"@type\":\"ImageObject\",\"inLanguage\":\"en-GB\",\"@id\":\"https:\/\/catalanfood.com\/de\/the-catalan-fruit-sector-claims-its-international-potential\/#primaryimage\",\"url\":\"https:\/\/catalanfood.com\/de\/wp-content\/uploads\/sites\/8\/2025\/03\/fruit-logistica-1.jpeg\",\"contentUrl\":\"https:\/\/catalanfood.com\/de\/wp-content\/uploads\/sites\/8\/2025\/03\/fruit-logistica-1.jpeg\",\"width\":1600,\"height\":1012},{\"@type\":\"BreadcrumbList\",\"@id\":\"https:\/\/catalanfood.com\/de\/the-catalan-fruit-sector-claims-its-international-potential\/#breadcrumb\",\"itemListElement\":[{\"@type\":\"ListItem\",\"position\":1,\"name\":\"Home\",\"item\":\"https:\/\/catalanfood.com\/de\/\"},{\"@type\":\"ListItem\",\"position\":2,\"name\":\"Der katalanische Obstsektor beansprucht sein internationales Potenzial\"}]},{\"@type\":\"WebSite\",\"@id\":\"https:\/\/catalanfood.com\/de\/#website\",\"url\":\"https:\/\/catalanfood.com\/de\/\",\"name\":\"Catalan Food DE\",\"description\":\"\",\"potentialAction\":[{\"@type\":\"SearchAction\",\"target\":{\"@type\":\"EntryPoint\",\"urlTemplate\":\"https:\/\/catalanfood.com\/de\/?s={search_term_string}\"},\"query-input\":{\"@type\":\"PropertyValueSpecification\",\"valueRequired\":true,\"valueName\":\"search_term_string\"}}],\"inLanguage\":\"en-GB\"},{\"@type\":\"Person\",\"@id\":\"https:\/\/catalanfood.com\/de\/#\/schema\/person\/2931c04adedca21547f62d11238e408e\",\"name\":\"02740f57436b\",\"image\":{\"@type\":\"ImageObject\",\"inLanguage\":\"en-GB\",\"@id\":\"https:\/\/catalanfood.com\/de\/#\/schema\/person\/image\/\",\"url\":\"https:\/\/secure.gravatar.com\/avatar\/2ae3a0bbf094015f20b4307ca4ffe06ac1ca20aa9bc01a2a68b653757cfc4d41?s=96&d=mm&r=g\",\"contentUrl\":\"https:\/\/secure.gravatar.com\/avatar\/2ae3a0bbf094015f20b4307ca4ffe06ac1ca20aa9bc01a2a68b653757cfc4d41?s=96&d=mm&r=g\",\"caption\":\"02740f57436b\"},\"sameAs\":[\"https:\/\/catalanfood.com\"],\"url\":\"https:\/\/catalanfood.com\/de\/author\/02740f57436b\/\"}]}<\/script>\n<!-- \/ Yoast SEO plugin. -->","yoast_head_json":{"title":"Der katalanische Obstsektor beansprucht sein internationales Potenzial | Catalan Food DE","robots":{"index":"index","follow":"follow","max-snippet":"max-snippet:-1","max-image-preview":"max-image-preview:large","max-video-preview":"max-video-preview:-1"},"canonical":"https:\/\/catalanfood.com\/de\/the-catalan-fruit-sector-claims-its-international-potential\/","og_locale":"en_GB","og_type":"article","og_title":"Der katalanische Obstsektor beansprucht sein internationales Potenzial | Catalan Food DE","og_description":"Katalanische Unternehmen, die an der Fruit Logistica 2024 teilnehmen: Die Fruit Logistica, die vom 7. bis 9. Februar in Berlin stattfindet, ist ein Treffpunkt f\u00fcr die Obst- und Gem\u00fcseindustrie und vereint die gesamte Lieferkette in einer einzigen Veranstaltung. In diesem Kontext pr\u00e4sentieren sich katalanische Unternehmen mit dem Ziel, das Exportpotenzial des Sektors zu zeigen. Katalonien [&hellip;]","og_url":"https:\/\/catalanfood.com\/de\/the-catalan-fruit-sector-claims-its-international-potential\/","og_site_name":"Catalan Food DE","article_published_time":"2024-02-13T17:19:00+00:00","article_modified_time":"2025-03-07T11:15:35+00:00","og_image":[{"width":1600,"height":1012,"url":"https:\/\/catalanfood.com\/de\/wp-content\/uploads\/sites\/8\/2025\/03\/fruit-logistica-1.jpeg","type":"image\/jpeg"}],"author":"02740f57436b","twitter_card":"summary_large_image","twitter_misc":{"Written by":"02740f57436b","Estimated reading time":"2 minutes"},"schema":{"@context":"https:\/\/schema.org","@graph":[{"@type":"Article","@id":"https:\/\/catalanfood.com\/de\/the-catalan-fruit-sector-claims-its-international-potential\/#article","isPartOf":{"@id":"https:\/\/catalanfood.com\/de\/the-catalan-fruit-sector-claims-its-international-potential\/"},"author":{"name":"02740f57436b","@id":"https:\/\/catalanfood.com\/de\/#\/schema\/person\/2931c04adedca21547f62d11238e408e"},"headline":"Der katalanische Obstsektor beansprucht sein internationales Potenzial","datePublished":"2024-02-13T17:19:00+00:00","dateModified":"2025-03-07T11:15:35+00:00","mainEntityOfPage":{"@id":"https:\/\/catalanfood.com\/de\/the-catalan-fruit-sector-claims-its-international-potential\/"},"wordCount":379,"commentCount":0,"image":{"@id":"https:\/\/catalanfood.com\/de\/the-catalan-fruit-sector-claims-its-international-potential\/#primaryimage"},"thumbnailUrl":"https:\/\/catalanfood.com\/de\/wp-content\/uploads\/sites\/8\/2025\/03\/fruit-logistica-1.jpeg","articleSection":["Essen"],"inLanguage":"en-GB","potentialAction":[{"@type":"CommentAction","name":"Comment","target":["https:\/\/catalanfood.com\/de\/the-catalan-fruit-sector-claims-its-international-potential\/#respond"]}]},{"@type":"WebPage","@id":"https:\/\/catalanfood.com\/de\/the-catalan-fruit-sector-claims-its-international-potential\/","url":"https:\/\/catalanfood.com\/de\/the-catalan-fruit-sector-claims-its-international-potential\/","name":"Der katalanische Obstsektor beansprucht sein internationales Potenzial | Catalan Food DE","isPartOf":{"@id":"https:\/\/catalanfood.com\/de\/#website"},"primaryImageOfPage":{"@id":"https:\/\/catalanfood.com\/de\/the-catalan-fruit-sector-claims-its-international-potential\/#primaryimage"},"image":{"@id":"https:\/\/catalanfood.com\/de\/the-catalan-fruit-sector-claims-its-international-potential\/#primaryimage"},"thumbnailUrl":"https:\/\/catalanfood.com\/de\/wp-content\/uploads\/sites\/8\/2025\/03\/fruit-logistica-1.jpeg","datePublished":"2024-02-13T17:19:00+00:00","dateModified":"2025-03-07T11:15:35+00:00","author":{"@id":"https:\/\/catalanfood.com\/de\/#\/schema\/person\/2931c04adedca21547f62d11238e408e"},"breadcrumb":{"@id":"https:\/\/catalanfood.com\/de\/the-catalan-fruit-sector-claims-its-international-potential\/#breadcrumb"},"inLanguage":"en-GB","potentialAction":[{"@type":"ReadAction","target":["https:\/\/catalanfood.com\/de\/the-catalan-fruit-sector-claims-its-international-potential\/"]}]},{"@type":"ImageObject","inLanguage":"en-GB","@id":"https:\/\/catalanfood.com\/de\/the-catalan-fruit-sector-claims-its-international-potential\/#primaryimage","url":"https:\/\/catalanfood.com\/de\/wp-content\/uploads\/sites\/8\/2025\/03\/fruit-logistica-1.jpeg","contentUrl":"https:\/\/catalanfood.com\/de\/wp-content\/uploads\/sites\/8\/2025\/03\/fruit-logistica-1.jpeg","width":1600,"height":1012},{"@type":"BreadcrumbList","@id":"https:\/\/catalanfood.com\/de\/the-catalan-fruit-sector-claims-its-international-potential\/#breadcrumb","itemListElement":[{"@type":"ListItem","position":1,"name":"Home","item":"https:\/\/catalanfood.com\/de\/"},{"@type":"ListItem","position":2,"name":"Der katalanische Obstsektor beansprucht sein internationales Potenzial"}]},{"@type":"WebSite","@id":"https:\/\/catalanfood.com\/de\/#website","url":"https:\/\/catalanfood.com\/de\/","name":"Catalan Food DE","description":"","potentialAction":[{"@type":"SearchAction","target":{"@type":"EntryPoint","urlTemplate":"https:\/\/catalanfood.com\/de\/?s={search_term_string}"},"query-input":{"@type":"PropertyValueSpecification","valueRequired":true,"valueName":"search_term_string"}}],"inLanguage":"en-GB"},{"@type":"Person","@id":"https:\/\/catalanfood.com\/de\/#\/schema\/person\/2931c04adedca21547f62d11238e408e","name":"02740f57436b","image":{"@type":"ImageObject","inLanguage":"en-GB","@id":"https:\/\/catalanfood.com\/de\/#\/schema\/person\/image\/","url":"https:\/\/secure.gravatar.com\/avatar\/2ae3a0bbf094015f20b4307ca4ffe06ac1ca20aa9bc01a2a68b653757cfc4d41?s=96&d=mm&r=g","contentUrl":"https:\/\/secure.gravatar.com\/avatar\/2ae3a0bbf094015f20b4307ca4ffe06ac1ca20aa9bc01a2a68b653757cfc4d41?s=96&d=mm&r=g","caption":"02740f57436b"},"sameAs":["https:\/\/catalanfood.com"],"url":"https:\/\/catalanfood.com\/de\/author\/02740f57436b\/"}]}},"_links":{"self":[{"href":"https:\/\/catalanfood.com\/de\/wp-json\/wp\/v2\/posts\/7352","targetHints":{"allow":["GET"]}}],"collection":[{"href":"https:\/\/catalanfood.com\/de\/wp-json\/wp\/v2\/posts"}],"about":[{"href":"https:\/\/catalanfood.com\/de\/wp-json\/wp\/v2\/types\/post"}],"author":[{"embeddable":true,"href":"https:\/\/catalanfood.com\/de\/wp-json\/wp\/v2\/users\/1"}],"replies":[{"embeddable":true,"href":"https:\/\/catalanfood.com\/de\/wp-json\/wp\/v2\/comments?post=7352"}],"version-history":[{"count":1,"href":"https:\/\/catalanfood.com\/de\/wp-json\/wp\/v2\/posts\/7352\/revisions"}],"predecessor-version":[{"id":7375,"href":"https:\/\/catalanfood.com\/de\/wp-json\/wp\/v2\/posts\/7352\/revisions\/7375"}],"acf:term":[{"embeddable":true,"taxonomy":"news-type","href":"https:\/\/catalanfood.com\/de\/wp-json\/wp\/v2\/news-type\/18"},{"embeddable":true,"taxonomy":"market","href":"https:\/\/catalanfood.com\/de\/wp-json\/wp\/v2\/market\/8"}],"wp:featuredmedia":[{"embeddable":true,"href":"https:\/\/catalanfood.com\/de\/wp-json\/wp\/v2\/media\/7353"}],"wp:attachment":[{"href":"https:\/\/catalanfood.com\/de\/wp-json\/wp\/v2\/media?parent=7352"}],"wp:term":[{"taxonomy":"category","embeddable":true,"href":"https:\/\/catalanfood.com\/de\/wp-json\/wp\/v2\/categories?post=7352"},{"taxonomy":"post_tag","embeddable":true,"href":"https:\/\/catalanfood.com\/de\/wp-json\/wp\/v2\/tags?post=7352"},{"taxonomy":"market","embeddable":true,"href":"https:\/\/catalanfood.com\/de\/wp-json\/wp\/v2\/market?post=7352"},{"taxonomy":"news-type","embeddable":true,"href":"https:\/\/catalanfood.com\/de\/wp-json\/wp\/v2\/news-type?post=7352"}],"curies":[{"name":"wp","href":"https:\/\/api.w.org\/{rel}","templated":true}]}}