{"id":7504,"date":"2025-03-12T12:26:20","date_gmt":"2025-03-12T11:26:20","guid":{"rendered":"https:\/\/catalanfood.com\/latam\/prodeca-announces-catalan-food-business-forum-in-june-2025-barcelona\/"},"modified":"2025-03-24T09:37:22","modified_gmt":"2025-03-24T08:37:22","slug":"prodeca-announces-catalan-food-business-forum-in-june-2025-barcelona","status":"publish","type":"post","link":"https:\/\/catalanfood.com\/latam\/prodeca-announces-catalan-food-business-forum-in-june-2025-barcelona\/","title":{"rendered":"Prodeca anuncia el Catalan Food Business Forum en junio 2025, Barcelona"},"content":{"rendered":"\t\t<div data-elementor-type=\"wp-post\" data-elementor-id=\"7504\" class=\"elementor elementor-7504\" data-elementor-post-type=\"post\">\n\t\t\t\t<div class=\"elementor-element elementor-element-3a82b9c2 e-flex e-con-boxed e-con e-parent\" data-id=\"3a82b9c2\" data-element_type=\"container\" data-e-type=\"container\">\n\t\t\t\t\t<div class=\"e-con-inner\">\n\t\t\t\t<div class=\"elementor-element elementor-element-12eee06c elementor-widget elementor-widget-text-editor\" data-id=\"12eee06c\" data-element_type=\"widget\" data-e-type=\"widget\" data-widget_type=\"text-editor.default\">\n\t\t\t\t<div class=\"elementor-widget-container\">\n\t\t\t\t\t\t\t\t\t<p>Prodeca, la agencia para la promoci\u00f3n de los productos agroalimentarios catalanes, ha convocado el <strong>Foro Catal\u00e1n de Empresas Alimentarias 2025<\/strong>, que tendr\u00e1 lugar los <strong>d\u00edas 4 y 5 de junio en Barcelona<\/strong>. Este evento internacional tiene como objetivo conectar a las empresas agroalimentarias catalanas con compradores internacionales, facilitando la entrada en nuevos mercados y fortaleciendo las relaciones comerciales.<\/p>\n<p>El foro reunir\u00e1 <strong>tres encuentros sectorialesprofesionales<\/strong>, cada uno con un enfoque especializado:<\/p>\n<ul class=\"wp-block-list\">\n<li style=\"list-style-type: none;\">\n<ul class=\"wp-block-list\">\n<li><strong>Meat Business Forum<\/strong>: centrado en el sector c\u00e1rnico.<\/li>\n<\/ul>\n<\/li>\n<\/ul>\n<ul class=\"wp-block-list\">\n<li style=\"list-style-type: none;\">\n<ul class=\"wp-block-list\">\n<li><strong>Fine Food Business Forum<\/strong>: dedicado a los productos gourmet y de alta calidad.<\/li>\n<\/ul>\n<\/li>\n<\/ul>\n<ul class=\"wp-block-list\">\n<li style=\"list-style-type: none;\">\n<ul class=\"wp-block-list\">\n<li><strong>Wine Business Forum<\/strong>: dirigido al sector vitivin\u00edcola.<\/li>\n<\/ul>\n<\/li>\n<\/ul>\n<p>\u00a0<\/p>\n<p>Estos foros sectoriales servir\u00e1n de plataforma para que las empresas catalanas presenten sus productos a <strong>importadores, distribuidores y otros profesionales internacionales<\/strong>, fomentando la internacionalizaci\u00f3n del sector agroalimentario catal\u00e1n.<\/p>\n<p>La primera edici\u00f3n del Foro Catal\u00e1n de Empresas Alimentarias, celebrada en 2023, reuni\u00f3 a <strong>80 empresas catalanas con 120 importadores de 34 pa\u00edses<\/strong>, consolid\u00e1ndose como una plataforma de negocio habitual para la expansi\u00f3n internacional de la industria agroalimentaria catalana.<\/p>\n<p>Esta nueva edici\u00f3n pretende superar estas cifras y ampliar las oportunidades para las empresas catalanas. Adem\u00e1s de <strong>encuentros B2B, el foro contar\u00e1 con conferencias y ponencias magistrales a cargo de expertos del sector<\/strong>, analizando las tendencias del mercado y proporcionando herramientas estrat\u00e9gicas para la exportaci\u00f3n y la innovaci\u00f3n. A trav\u00e9s de esta iniciativa, <strong>Prodeca reafirma su compromiso con la internacionalizaci\u00f3n de los productos alimentarios catalanes<\/strong>, ofreciendo una plataforma clave para el crecimiento de la marca y su consolidaci\u00f3n en el mercado global.<\/p>\t\t\t\t\t\t\t\t<\/div>\n\t\t\t\t<\/div>\n\t\t\t\t\t<\/div>\n\t\t\t\t<\/div>\n\t\t<div class=\"elementor-element elementor-element-59ff488 e-flex e-con-boxed e-con e-parent\" data-id=\"59ff488\" data-element_type=\"container\" data-e-type=\"container\">\n\t\t\t\t\t<div class=\"e-con-inner\">\n\t\t<div class=\"elementor-element elementor-element-1312ab8 e-con-full e-flex e-con e-child\" data-id=\"1312ab8\" data-element_type=\"container\" data-e-type=\"container\">\n\t\t\t\t<div class=\"elementor-element elementor-element-e2ba625 elementor-widget elementor-widget-image\" data-id=\"e2ba625\" data-element_type=\"widget\" data-e-type=\"widget\" data-widget_type=\"image.default\">\n\t\t\t\t<div class=\"elementor-widget-container\">\n\t\t\t\t\t\t\t\t\t\t\t\t\t\t\t<img decoding=\"async\" src=\"https:\/\/catalanfood.com\/wp-content\/uploads\/2025\/03\/Fine-food-BF-4.png\" title=\"\" alt=\"\" loading=\"lazy\" \/>\t\t\t\t\t\t\t\t\t\t\t\t\t\t\t<\/div>\n\t\t\t\t<\/div>\n\t\t\t\t<\/div>\n\t\t<div class=\"elementor-element elementor-element-ec66894 e-con-full e-flex e-con e-child\" data-id=\"ec66894\" data-element_type=\"container\" data-e-type=\"container\">\n\t\t\t\t<div class=\"elementor-element elementor-element-9016086 elementor-widget elementor-widget-image\" data-id=\"9016086\" data-element_type=\"widget\" data-e-type=\"widget\" data-widget_type=\"image.default\">\n\t\t\t\t<div class=\"elementor-widget-container\">\n\t\t\t\t\t\t\t\t\t\t\t\t\t\t\t<img decoding=\"async\" src=\"https:\/\/catalanfood.com\/wp-content\/uploads\/2025\/03\/Meat-BF-1.png\" title=\"\" alt=\"\" loading=\"lazy\" \/>\t\t\t\t\t\t\t\t\t\t\t\t\t\t\t<\/div>\n\t\t\t\t<\/div>\n\t\t\t\t<\/div>\n\t\t<div class=\"elementor-element elementor-element-9bee9ef e-con-full e-flex e-con e-child\" data-id=\"9bee9ef\" data-element_type=\"container\" data-e-type=\"container\">\n\t\t\t\t<div class=\"elementor-element elementor-element-00d40f5 elementor-widget elementor-widget-image\" data-id=\"00d40f5\" data-element_type=\"widget\" data-e-type=\"widget\" data-widget_type=\"image.default\">\n\t\t\t\t<div class=\"elementor-widget-container\">\n\t\t\t\t\t\t\t\t\t\t\t\t\t\t\t<img decoding=\"async\" src=\"https:\/\/catalanfood.com\/wp-content\/uploads\/2025\/03\/Wine-BF-1.png\" title=\"\" alt=\"\" loading=\"lazy\" \/>\t\t\t\t\t\t\t\t\t\t\t\t\t\t\t<\/div>\n\t\t\t\t<\/div>\n\t\t\t\t<\/div>\n\t\t\t\t\t<\/div>\n\t\t\t\t<\/div>\n\t\t<div class=\"elementor-element elementor-element-d1a6e08 e-flex e-con-boxed e-con e-parent\" data-id=\"d1a6e08\" data-element_type=\"container\" data-e-type=\"container\">\n\t\t\t\t\t<div class=\"e-con-inner\">\n\t\t\t\t<div class=\"elementor-element elementor-element-84d7bd0 elementor-widget-divider--view-line elementor-widget elementor-widget-divider\" data-id=\"84d7bd0\" data-element_type=\"widget\" data-e-type=\"widget\" data-widget_type=\"divider.default\">\n\t\t\t\t<div class=\"elementor-widget-container\">\n\t\t\t\t\t\t\t<div class=\"elementor-divider\">\n\t\t\t<span class=\"elementor-divider-separator\">\n\t\t\t\t\t\t<\/span>\n\t\t<\/div>\n\t\t\t\t\t\t<\/div>\n\t\t\t\t<\/div>\n\t\t\t\t<div class=\"elementor-element elementor-element-18d34aa elementor-widget elementor-widget-heading\" data-id=\"18d34aa\" data-element_type=\"widget\" data-e-type=\"widget\" data-widget_type=\"heading.default\">\n\t\t\t\t<div class=\"elementor-widget-container\">\n\t\t\t\t\t<h2 class=\"elementor-heading-title elementor-size-default\">MERCADOS INVITADOS<\/h2>\t\t\t\t<\/div>\n\t\t\t\t<\/div>\n\t\t\t\t\t<\/div>\n\t\t\t\t<\/div>\n\t\t<div class=\"elementor-element elementor-element-df900dd e-flex e-con-boxed e-con e-parent\" data-id=\"df900dd\" data-element_type=\"container\" data-e-type=\"container\">\n\t\t\t\t\t<div class=\"e-con-inner\">\n\t\t\t\t<div class=\"elementor-element elementor-element-8500ee5 elementor-widget elementor-widget-image\" data-id=\"8500ee5\" data-element_type=\"widget\" data-e-type=\"widget\" data-widget_type=\"image.default\">\n\t\t\t\t<div class=\"elementor-widget-container\">\n\t\t\t\t\t\t\t\t\t\t\t\t\t\t\t<img decoding=\"async\" src=\"https:\/\/catalanfood.com\/wp-content\/uploads\/2025\/03\/mapa-mundi-1.png\" title=\"\" alt=\"\" loading=\"lazy\" \/>\t\t\t\t\t\t\t\t\t\t\t\t\t\t\t<\/div>\n\t\t\t\t<\/div>\n\t\t\t\t\t<\/div>\n\t\t\t\t<\/div>\n\t\t\t\t<\/div>\n\t\t","protected":false},"excerpt":{"rendered":"<p>Prodeca, la agencia para la promoci\u00f3n de los productos agroalimentarios catalanes, ha convocado el Foro Catal\u00e1n de Empresas Alimentarias 2025, que tendr\u00e1 lugar los d\u00edas 4 y 5 de junio en Barcelona. Este evento internacional tiene como objetivo conectar a las empresas agroalimentarias catalanas con compradores internacionales, facilitando la entrada en nuevos mercados y fortaleciendo [&hellip;]<\/p>\n","protected":false},"author":4,"featured_media":7506,"comment_status":"open","ping_status":"open","sticky":false,"template":"","format":"standard","meta":{"_acf_changed":false,"footnotes":""},"categories":[61],"tags":[62],"market":[28],"news-type":[19],"class_list":["post-7504","post","type-post","status-publish","format-standard","has-post-thumbnail","hentry","category-business","tag-catalan-food","market-world","news-type-events"],"acf":{"subtitle":"Estos foros sectoriales servir\u00e1n de plataforma para que las empresas catalanas presenten sus productos a importadores, distribuidores y otros profesionales internacionales, fomentando la internacionalizaci\u00f3n del sector agroalimentario catal\u00e1n.","featured":false,"market":28,"location":"Barcelona","date":"20250310","type":[19]},"yoast_head":"<!-- This site is optimized with the Yoast SEO plugin v27.1.1 - https:\/\/yoast.com\/product\/yoast-seo-wordpress\/ -->\n<title>Prodeca anuncia el Catalan Food Business Forum en junio 2025, Barcelona | Catalan Food Latam<\/title>\n<meta name=\"robots\" content=\"index, follow, max-snippet:-1, max-image-preview:large, max-video-preview:-1\" \/>\n<link rel=\"canonical\" href=\"https:\/\/catalanfood.com\/latam\/prodeca-announces-catalan-food-business-forum-in-june-2025-barcelona\/\" \/>\n<meta property=\"og:locale\" content=\"es_ES\" \/>\n<meta property=\"og:type\" content=\"article\" \/>\n<meta property=\"og:title\" content=\"Prodeca anuncia el Catalan Food Business Forum en junio 2025, Barcelona | Catalan Food Latam\" \/>\n<meta property=\"og:description\" content=\"Prodeca, la agencia para la promoci\u00f3n de los productos agroalimentarios catalanes, ha convocado el Foro Catal\u00e1n de Empresas Alimentarias 2025, que tendr\u00e1 lugar los d\u00edas 4 y 5 de junio en Barcelona. Este evento internacional tiene como objetivo conectar a las empresas agroalimentarias catalanas con compradores internacionales, facilitando la entrada en nuevos mercados y fortaleciendo [&hellip;]\" \/>\n<meta property=\"og:url\" content=\"https:\/\/catalanfood.com\/latam\/prodeca-announces-catalan-food-business-forum-in-june-2025-barcelona\/\" \/>\n<meta property=\"og:site_name\" content=\"Catalan Food Latam\" \/>\n<meta property=\"article:published_time\" content=\"2025-03-12T11:26:20+00:00\" \/>\n<meta property=\"article:modified_time\" content=\"2025-03-24T08:37:22+00:00\" \/>\n<meta property=\"og:image\" content=\"https:\/\/catalanfood.com\/latam\/wp-content\/uploads\/sites\/6\/2025\/03\/Business-forum-2023_0-scaled.jpg\" \/>\n\t<meta property=\"og:image:width\" content=\"2560\" \/>\n\t<meta property=\"og:image:height\" content=\"1816\" \/>\n\t<meta property=\"og:image:type\" content=\"image\/jpeg\" \/>\n<meta name=\"author\" content=\"kameljalloul\" \/>\n<meta name=\"twitter:card\" content=\"summary_large_image\" \/>\n<meta name=\"twitter:label1\" content=\"Escrito por\" \/>\n\t<meta name=\"twitter:data1\" content=\"kameljalloul\" \/>\n\t<meta name=\"twitter:label2\" content=\"Tiempo de lectura\" \/>\n\t<meta name=\"twitter:data2\" content=\"3 minutos\" \/>\n<script type=\"application\/ld+json\" class=\"yoast-schema-graph\">{\"@context\":\"https:\/\/schema.org\",\"@graph\":[{\"@type\":\"Article\",\"@id\":\"https:\/\/catalanfood.com\/latam\/prodeca-announces-catalan-food-business-forum-in-june-2025-barcelona\/#article\",\"isPartOf\":{\"@id\":\"https:\/\/catalanfood.com\/latam\/prodeca-announces-catalan-food-business-forum-in-june-2025-barcelona\/\"},\"author\":{\"name\":\"kameljalloul\",\"@id\":\"https:\/\/catalanfood.com\/latam\/#\/schema\/person\/d34e50dcad85850e64e02b102145a111\"},\"headline\":\"Prodeca anuncia el Catalan Food Business Forum en junio 2025, Barcelona\",\"datePublished\":\"2025-03-12T11:26:20+00:00\",\"dateModified\":\"2025-03-24T08:37:22+00:00\",\"mainEntityOfPage\":{\"@id\":\"https:\/\/catalanfood.com\/latam\/prodeca-announces-catalan-food-business-forum-in-june-2025-barcelona\/\"},\"wordCount\":274,\"commentCount\":0,\"image\":{\"@id\":\"https:\/\/catalanfood.com\/latam\/prodeca-announces-catalan-food-business-forum-in-june-2025-barcelona\/#primaryimage\"},\"thumbnailUrl\":\"https:\/\/catalanfood.com\/latam\/wp-content\/uploads\/sites\/6\/2025\/03\/Business-forum-2023_0-scaled.jpg\",\"keywords\":[\"Catalan Food\"],\"articleSection\":[\"Business\"],\"inLanguage\":\"es\",\"potentialAction\":[{\"@type\":\"CommentAction\",\"name\":\"Comment\",\"target\":[\"https:\/\/catalanfood.com\/latam\/prodeca-announces-catalan-food-business-forum-in-june-2025-barcelona\/#respond\"]}]},{\"@type\":\"WebPage\",\"@id\":\"https:\/\/catalanfood.com\/latam\/prodeca-announces-catalan-food-business-forum-in-june-2025-barcelona\/\",\"url\":\"https:\/\/catalanfood.com\/latam\/prodeca-announces-catalan-food-business-forum-in-june-2025-barcelona\/\",\"name\":\"Prodeca anuncia el Catalan Food Business Forum en junio 2025, Barcelona | Catalan Food Latam\",\"isPartOf\":{\"@id\":\"https:\/\/catalanfood.com\/latam\/#website\"},\"primaryImageOfPage\":{\"@id\":\"https:\/\/catalanfood.com\/latam\/prodeca-announces-catalan-food-business-forum-in-june-2025-barcelona\/#primaryimage\"},\"image\":{\"@id\":\"https:\/\/catalanfood.com\/latam\/prodeca-announces-catalan-food-business-forum-in-june-2025-barcelona\/#primaryimage\"},\"thumbnailUrl\":\"https:\/\/catalanfood.com\/latam\/wp-content\/uploads\/sites\/6\/2025\/03\/Business-forum-2023_0-scaled.jpg\",\"datePublished\":\"2025-03-12T11:26:20+00:00\",\"dateModified\":\"2025-03-24T08:37:22+00:00\",\"author\":{\"@id\":\"https:\/\/catalanfood.com\/latam\/#\/schema\/person\/d34e50dcad85850e64e02b102145a111\"},\"breadcrumb\":{\"@id\":\"https:\/\/catalanfood.com\/latam\/prodeca-announces-catalan-food-business-forum-in-june-2025-barcelona\/#breadcrumb\"},\"inLanguage\":\"es\",\"potentialAction\":[{\"@type\":\"ReadAction\",\"target\":[\"https:\/\/catalanfood.com\/latam\/prodeca-announces-catalan-food-business-forum-in-june-2025-barcelona\/\"]}]},{\"@type\":\"ImageObject\",\"inLanguage\":\"es\",\"@id\":\"https:\/\/catalanfood.com\/latam\/prodeca-announces-catalan-food-business-forum-in-june-2025-barcelona\/#primaryimage\",\"url\":\"https:\/\/catalanfood.com\/latam\/wp-content\/uploads\/sites\/6\/2025\/03\/Business-forum-2023_0-scaled.jpg\",\"contentUrl\":\"https:\/\/catalanfood.com\/latam\/wp-content\/uploads\/sites\/6\/2025\/03\/Business-forum-2023_0-scaled.jpg\",\"width\":2560,\"height\":1816},{\"@type\":\"BreadcrumbList\",\"@id\":\"https:\/\/catalanfood.com\/latam\/prodeca-announces-catalan-food-business-forum-in-june-2025-barcelona\/#breadcrumb\",\"itemListElement\":[{\"@type\":\"ListItem\",\"position\":1,\"name\":\"Home\",\"item\":\"https:\/\/catalanfood.com\/latam\/\"},{\"@type\":\"ListItem\",\"position\":2,\"name\":\"Prodeca anuncia el Catalan Food Business Forum en junio 2025, Barcelona\"}]},{\"@type\":\"WebSite\",\"@id\":\"https:\/\/catalanfood.com\/latam\/#website\",\"url\":\"https:\/\/catalanfood.com\/latam\/\",\"name\":\"Catalan Food Latam\",\"description\":\"\",\"potentialAction\":[{\"@type\":\"SearchAction\",\"target\":{\"@type\":\"EntryPoint\",\"urlTemplate\":\"https:\/\/catalanfood.com\/latam\/?s={search_term_string}\"},\"query-input\":{\"@type\":\"PropertyValueSpecification\",\"valueRequired\":true,\"valueName\":\"search_term_string\"}}],\"inLanguage\":\"es\"},{\"@type\":\"Person\",\"@id\":\"https:\/\/catalanfood.com\/latam\/#\/schema\/person\/d34e50dcad85850e64e02b102145a111\",\"name\":\"kameljalloul\",\"image\":{\"@type\":\"ImageObject\",\"inLanguage\":\"es\",\"@id\":\"https:\/\/catalanfood.com\/latam\/#\/schema\/person\/image\/\",\"url\":\"https:\/\/secure.gravatar.com\/avatar\/1e31adea7dbefef9ca44fb2b01b94a05517f8c89bc9e51915eae05556016576d?s=96&d=mm&r=g\",\"contentUrl\":\"https:\/\/secure.gravatar.com\/avatar\/1e31adea7dbefef9ca44fb2b01b94a05517f8c89bc9e51915eae05556016576d?s=96&d=mm&r=g\",\"caption\":\"kameljalloul\"},\"url\":\"https:\/\/catalanfood.com\/latam\/author\/kameljalloul\/\"}]}<\/script>\n<!-- \/ Yoast SEO plugin. -->","yoast_head_json":{"title":"Prodeca anuncia el Catalan Food Business Forum en junio 2025, Barcelona | Catalan Food Latam","robots":{"index":"index","follow":"follow","max-snippet":"max-snippet:-1","max-image-preview":"max-image-preview:large","max-video-preview":"max-video-preview:-1"},"canonical":"https:\/\/catalanfood.com\/latam\/prodeca-announces-catalan-food-business-forum-in-june-2025-barcelona\/","og_locale":"es_ES","og_type":"article","og_title":"Prodeca anuncia el Catalan Food Business Forum en junio 2025, Barcelona | Catalan Food Latam","og_description":"Prodeca, la agencia para la promoci\u00f3n de los productos agroalimentarios catalanes, ha convocado el Foro Catal\u00e1n de Empresas Alimentarias 2025, que tendr\u00e1 lugar los d\u00edas 4 y 5 de junio en Barcelona. Este evento internacional tiene como objetivo conectar a las empresas agroalimentarias catalanas con compradores internacionales, facilitando la entrada en nuevos mercados y fortaleciendo [&hellip;]","og_url":"https:\/\/catalanfood.com\/latam\/prodeca-announces-catalan-food-business-forum-in-june-2025-barcelona\/","og_site_name":"Catalan Food Latam","article_published_time":"2025-03-12T11:26:20+00:00","article_modified_time":"2025-03-24T08:37:22+00:00","og_image":[{"width":2560,"height":1816,"url":"https:\/\/catalanfood.com\/latam\/wp-content\/uploads\/sites\/6\/2025\/03\/Business-forum-2023_0-scaled.jpg","type":"image\/jpeg"}],"author":"kameljalloul","twitter_card":"summary_large_image","twitter_misc":{"Escrito por":"kameljalloul","Tiempo de lectura":"3 minutos"},"schema":{"@context":"https:\/\/schema.org","@graph":[{"@type":"Article","@id":"https:\/\/catalanfood.com\/latam\/prodeca-announces-catalan-food-business-forum-in-june-2025-barcelona\/#article","isPartOf":{"@id":"https:\/\/catalanfood.com\/latam\/prodeca-announces-catalan-food-business-forum-in-june-2025-barcelona\/"},"author":{"name":"kameljalloul","@id":"https:\/\/catalanfood.com\/latam\/#\/schema\/person\/d34e50dcad85850e64e02b102145a111"},"headline":"Prodeca anuncia el Catalan Food Business Forum en junio 2025, Barcelona","datePublished":"2025-03-12T11:26:20+00:00","dateModified":"2025-03-24T08:37:22+00:00","mainEntityOfPage":{"@id":"https:\/\/catalanfood.com\/latam\/prodeca-announces-catalan-food-business-forum-in-june-2025-barcelona\/"},"wordCount":274,"commentCount":0,"image":{"@id":"https:\/\/catalanfood.com\/latam\/prodeca-announces-catalan-food-business-forum-in-june-2025-barcelona\/#primaryimage"},"thumbnailUrl":"https:\/\/catalanfood.com\/latam\/wp-content\/uploads\/sites\/6\/2025\/03\/Business-forum-2023_0-scaled.jpg","keywords":["Catalan Food"],"articleSection":["Business"],"inLanguage":"es","potentialAction":[{"@type":"CommentAction","name":"Comment","target":["https:\/\/catalanfood.com\/latam\/prodeca-announces-catalan-food-business-forum-in-june-2025-barcelona\/#respond"]}]},{"@type":"WebPage","@id":"https:\/\/catalanfood.com\/latam\/prodeca-announces-catalan-food-business-forum-in-june-2025-barcelona\/","url":"https:\/\/catalanfood.com\/latam\/prodeca-announces-catalan-food-business-forum-in-june-2025-barcelona\/","name":"Prodeca anuncia el Catalan Food Business Forum en junio 2025, Barcelona | Catalan Food Latam","isPartOf":{"@id":"https:\/\/catalanfood.com\/latam\/#website"},"primaryImageOfPage":{"@id":"https:\/\/catalanfood.com\/latam\/prodeca-announces-catalan-food-business-forum-in-june-2025-barcelona\/#primaryimage"},"image":{"@id":"https:\/\/catalanfood.com\/latam\/prodeca-announces-catalan-food-business-forum-in-june-2025-barcelona\/#primaryimage"},"thumbnailUrl":"https:\/\/catalanfood.com\/latam\/wp-content\/uploads\/sites\/6\/2025\/03\/Business-forum-2023_0-scaled.jpg","datePublished":"2025-03-12T11:26:20+00:00","dateModified":"2025-03-24T08:37:22+00:00","author":{"@id":"https:\/\/catalanfood.com\/latam\/#\/schema\/person\/d34e50dcad85850e64e02b102145a111"},"breadcrumb":{"@id":"https:\/\/catalanfood.com\/latam\/prodeca-announces-catalan-food-business-forum-in-june-2025-barcelona\/#breadcrumb"},"inLanguage":"es","potentialAction":[{"@type":"ReadAction","target":["https:\/\/catalanfood.com\/latam\/prodeca-announces-catalan-food-business-forum-in-june-2025-barcelona\/"]}]},{"@type":"ImageObject","inLanguage":"es","@id":"https:\/\/catalanfood.com\/latam\/prodeca-announces-catalan-food-business-forum-in-june-2025-barcelona\/#primaryimage","url":"https:\/\/catalanfood.com\/latam\/wp-content\/uploads\/sites\/6\/2025\/03\/Business-forum-2023_0-scaled.jpg","contentUrl":"https:\/\/catalanfood.com\/latam\/wp-content\/uploads\/sites\/6\/2025\/03\/Business-forum-2023_0-scaled.jpg","width":2560,"height":1816},{"@type":"BreadcrumbList","@id":"https:\/\/catalanfood.com\/latam\/prodeca-announces-catalan-food-business-forum-in-june-2025-barcelona\/#breadcrumb","itemListElement":[{"@type":"ListItem","position":1,"name":"Home","item":"https:\/\/catalanfood.com\/latam\/"},{"@type":"ListItem","position":2,"name":"Prodeca anuncia el Catalan Food Business Forum en junio 2025, Barcelona"}]},{"@type":"WebSite","@id":"https:\/\/catalanfood.com\/latam\/#website","url":"https:\/\/catalanfood.com\/latam\/","name":"Catalan Food Latam","description":"","potentialAction":[{"@type":"SearchAction","target":{"@type":"EntryPoint","urlTemplate":"https:\/\/catalanfood.com\/latam\/?s={search_term_string}"},"query-input":{"@type":"PropertyValueSpecification","valueRequired":true,"valueName":"search_term_string"}}],"inLanguage":"es"},{"@type":"Person","@id":"https:\/\/catalanfood.com\/latam\/#\/schema\/person\/d34e50dcad85850e64e02b102145a111","name":"kameljalloul","image":{"@type":"ImageObject","inLanguage":"es","@id":"https:\/\/catalanfood.com\/latam\/#\/schema\/person\/image\/","url":"https:\/\/secure.gravatar.com\/avatar\/1e31adea7dbefef9ca44fb2b01b94a05517f8c89bc9e51915eae05556016576d?s=96&d=mm&r=g","contentUrl":"https:\/\/secure.gravatar.com\/avatar\/1e31adea7dbefef9ca44fb2b01b94a05517f8c89bc9e51915eae05556016576d?s=96&d=mm&r=g","caption":"kameljalloul"},"url":"https:\/\/catalanfood.com\/latam\/author\/kameljalloul\/"}]}},"_links":{"self":[{"href":"https:\/\/catalanfood.com\/latam\/wp-json\/wp\/v2\/posts\/7504","targetHints":{"allow":["GET"]}}],"collection":[{"href":"https:\/\/catalanfood.com\/latam\/wp-json\/wp\/v2\/posts"}],"about":[{"href":"https:\/\/catalanfood.com\/latam\/wp-json\/wp\/v2\/types\/post"}],"author":[{"embeddable":true,"href":"https:\/\/catalanfood.com\/latam\/wp-json\/wp\/v2\/users\/4"}],"replies":[{"embeddable":true,"href":"https:\/\/catalanfood.com\/latam\/wp-json\/wp\/v2\/comments?post=7504"}],"version-history":[{"count":12,"href":"https:\/\/catalanfood.com\/latam\/wp-json\/wp\/v2\/posts\/7504\/revisions"}],"predecessor-version":[{"id":7530,"href":"https:\/\/catalanfood.com\/latam\/wp-json\/wp\/v2\/posts\/7504\/revisions\/7530"}],"acf:term":[{"embeddable":true,"taxonomy":"news-type","href":"https:\/\/catalanfood.com\/latam\/wp-json\/wp\/v2\/news-type\/19"},{"embeddable":true,"taxonomy":"market","href":"https:\/\/catalanfood.com\/latam\/wp-json\/wp\/v2\/market\/28"}],"wp:featuredmedia":[{"embeddable":true,"href":"https:\/\/catalanfood.com\/latam\/wp-json\/wp\/v2\/media\/7506"}],"wp:attachment":[{"href":"https:\/\/catalanfood.com\/latam\/wp-json\/wp\/v2\/media?parent=7504"}],"wp:term":[{"taxonomy":"category","embeddable":true,"href":"https:\/\/catalanfood.com\/latam\/wp-json\/wp\/v2\/categories?post=7504"},{"taxonomy":"post_tag","embeddable":true,"href":"https:\/\/catalanfood.com\/latam\/wp-json\/wp\/v2\/tags?post=7504"},{"taxonomy":"market","embeddable":true,"href":"https:\/\/catalanfood.com\/latam\/wp-json\/wp\/v2\/market?post=7504"},{"taxonomy":"news-type","embeddable":true,"href":"https:\/\/catalanfood.com\/latam\/wp-json\/wp\/v2\/news-type?post=7504"}],"curies":[{"name":"wp","href":"https:\/\/api.w.org\/{rel}","templated":true}]}}