{"id":7604,"date":"2025-03-05T10:00:00","date_gmt":"2025-03-05T09:00:00","guid":{"rendered":"https:\/\/catalanfood.com\/latam\/masterclass-cocina-catalana-bogota-2025\/"},"modified":"2025-03-05T10:00:00","modified_gmt":"2025-03-05T09:00:00","slug":"masterclass-cocina-catalana-bogota-2025","status":"publish","type":"post","link":"https:\/\/catalanfood.com\/latam\/masterclass-cocina-catalana-bogota-2025\/","title":{"rendered":"Masterclass de Cocina Catalana en Bogot\u00e1: Tradici\u00f3n e Innovaci\u00f3n en el Plato"},"content":{"rendered":"<p>Catalan Food organiz\u00f3 una masterclass de cocina catalana en Bogot\u00e1, Colombia, dirigida a chefs, restauradores y profesionales de la gastronom\u00eda locales. La sesi\u00f3n, impartida por un chef catal\u00e1n invitado, explor\u00f3 las t\u00e9cnicas y la despensa de la cocina catalana, con especial \u00e9nfasis en los productos con denominaci\u00f3n de origen.<\/p>\n<p>La masterclass abord\u00f3 desde los fundamentos del <em>pa amb tom\u00e0quet<\/em> y las salsas tradicionales (romesco, sofregit, picada) hasta t\u00e9cnicas m\u00e1s avanzadas de la cocina contempor\u00e1nea catalana. Los participantes cocinaron con ingredientes importados directamente de Catalu\u00f1a: aceite de arbequina, arroz bomba, anchoas en salaz\u00f3n y botifarra negra.<\/p>\n<p>Este tipo de actividades forman parte de la estrategia de Catalan Food Network para posicionar los productos catalanes en los mercados latinoamericanos a trav\u00e9s de la experiencia gastron\u00f3mica directa con los profesionales locales m\u00e1s influyentes.<\/p>\n","protected":false},"excerpt":{"rendered":"<p>Catalan Food organiz\u00f3 una masterclass de cocina catalana en Bogot\u00e1, Colombia, dirigida a chefs, restauradores y profesionales de la gastronom\u00eda locales. La sesi\u00f3n, impartida por un chef catal\u00e1n invitado, explor\u00f3 las t\u00e9cnicas y la despensa de la cocina catalana, con especial \u00e9nfasis en los productos con denominaci\u00f3n de origen. La masterclass abord\u00f3 desde los fundamentos [&hellip;]<\/p>\n","protected":false},"author":1,"featured_media":0,"comment_status":"open","ping_status":"open","sticky":false,"template":"","format":"standard","meta":{"_acf_changed":false,"footnotes":""},"categories":[24,23],"tags":[],"market":[17],"news-type":[19],"class_list":["post-7604","post","type-post","status-publish","format-standard","hentry","category-food","category-gastronomy","market-latam","news-type-events"],"acf":{"subtitle":"Una masterclass con chef invitado explor\u00f3 las t\u00e9cnicas y la despensa catalana ante 60 profesionales de la gastronom\u00eda colombiana.","featured":false,"market":17,"location":"Bogot\u00e1","date":"20250305","type":[19]},"yoast_head":"<!-- This site is optimized with the Yoast SEO plugin v27.1.1 - https:\/\/yoast.com\/product\/yoast-seo-wordpress\/ -->\n<title>Masterclass de Cocina Catalana en Bogot\u00e1: Tradici\u00f3n e Innovaci\u00f3n en el Plato | Catalan Food Latam<\/title>\n<meta name=\"robots\" content=\"index, follow, max-snippet:-1, max-image-preview:large, max-video-preview:-1\" \/>\n<link rel=\"canonical\" href=\"https:\/\/catalanfood.com\/latam\/masterclass-cocina-catalana-bogota-2025\/\" \/>\n<meta property=\"og:locale\" content=\"es_ES\" \/>\n<meta property=\"og:type\" content=\"article\" \/>\n<meta property=\"og:title\" content=\"Masterclass de Cocina Catalana en Bogot\u00e1: Tradici\u00f3n e Innovaci\u00f3n en el Plato | Catalan Food Latam\" \/>\n<meta property=\"og:description\" content=\"Catalan Food organiz\u00f3 una masterclass de cocina catalana en Bogot\u00e1, Colombia, dirigida a chefs, restauradores y profesionales de la gastronom\u00eda locales. La sesi\u00f3n, impartida por un chef catal\u00e1n invitado, explor\u00f3 las t\u00e9cnicas y la despensa de la cocina catalana, con especial \u00e9nfasis en los productos con denominaci\u00f3n de origen. La masterclass abord\u00f3 desde los fundamentos [&hellip;]\" \/>\n<meta property=\"og:url\" content=\"https:\/\/catalanfood.com\/latam\/masterclass-cocina-catalana-bogota-2025\/\" \/>\n<meta property=\"og:site_name\" content=\"Catalan Food Latam\" \/>\n<meta property=\"article:published_time\" content=\"2025-03-05T09:00:00+00:00\" \/>\n<meta name=\"author\" content=\"02740f57436b\" \/>\n<meta name=\"twitter:card\" content=\"summary_large_image\" \/>\n<meta name=\"twitter:label1\" content=\"Escrito por\" \/>\n\t<meta name=\"twitter:data1\" content=\"02740f57436b\" \/>\n\t<meta name=\"twitter:label2\" content=\"Tiempo de lectura\" \/>\n\t<meta name=\"twitter:data2\" content=\"1 minuto\" \/>\n<script type=\"application\/ld+json\" class=\"yoast-schema-graph\">{\"@context\":\"https:\/\/schema.org\",\"@graph\":[{\"@type\":\"Article\",\"@id\":\"https:\/\/catalanfood.com\/latam\/masterclass-cocina-catalana-bogota-2025\/#article\",\"isPartOf\":{\"@id\":\"https:\/\/catalanfood.com\/latam\/masterclass-cocina-catalana-bogota-2025\/\"},\"author\":{\"name\":\"02740f57436b\",\"@id\":\"https:\/\/catalanfood.com\/latam\/#\/schema\/person\/2931c04adedca21547f62d11238e408e\"},\"headline\":\"Masterclass de Cocina Catalana en Bogot\u00e1: Tradici\u00f3n e Innovaci\u00f3n en el Plato\",\"datePublished\":\"2025-03-05T09:00:00+00:00\",\"mainEntityOfPage\":{\"@id\":\"https:\/\/catalanfood.com\/latam\/masterclass-cocina-catalana-bogota-2025\/\"},\"wordCount\":158,\"commentCount\":0,\"articleSection\":[\"Food\",\"Gastronomy\"],\"inLanguage\":\"es\",\"potentialAction\":[{\"@type\":\"CommentAction\",\"name\":\"Comment\",\"target\":[\"https:\/\/catalanfood.com\/latam\/masterclass-cocina-catalana-bogota-2025\/#respond\"]}]},{\"@type\":\"WebPage\",\"@id\":\"https:\/\/catalanfood.com\/latam\/masterclass-cocina-catalana-bogota-2025\/\",\"url\":\"https:\/\/catalanfood.com\/latam\/masterclass-cocina-catalana-bogota-2025\/\",\"name\":\"Masterclass de Cocina Catalana en Bogot\u00e1: Tradici\u00f3n e Innovaci\u00f3n en el Plato | Catalan Food Latam\",\"isPartOf\":{\"@id\":\"https:\/\/catalanfood.com\/latam\/#website\"},\"datePublished\":\"2025-03-05T09:00:00+00:00\",\"author\":{\"@id\":\"https:\/\/catalanfood.com\/latam\/#\/schema\/person\/2931c04adedca21547f62d11238e408e\"},\"breadcrumb\":{\"@id\":\"https:\/\/catalanfood.com\/latam\/masterclass-cocina-catalana-bogota-2025\/#breadcrumb\"},\"inLanguage\":\"es\",\"potentialAction\":[{\"@type\":\"ReadAction\",\"target\":[\"https:\/\/catalanfood.com\/latam\/masterclass-cocina-catalana-bogota-2025\/\"]}]},{\"@type\":\"BreadcrumbList\",\"@id\":\"https:\/\/catalanfood.com\/latam\/masterclass-cocina-catalana-bogota-2025\/#breadcrumb\",\"itemListElement\":[{\"@type\":\"ListItem\",\"position\":1,\"name\":\"Home\",\"item\":\"https:\/\/catalanfood.com\/latam\/\"},{\"@type\":\"ListItem\",\"position\":2,\"name\":\"Masterclass de Cocina Catalana en Bogot\u00e1: Tradici\u00f3n e Innovaci\u00f3n en el Plato\"}]},{\"@type\":\"WebSite\",\"@id\":\"https:\/\/catalanfood.com\/latam\/#website\",\"url\":\"https:\/\/catalanfood.com\/latam\/\",\"name\":\"Catalan Food Latam\",\"description\":\"\",\"potentialAction\":[{\"@type\":\"SearchAction\",\"target\":{\"@type\":\"EntryPoint\",\"urlTemplate\":\"https:\/\/catalanfood.com\/latam\/?s={search_term_string}\"},\"query-input\":{\"@type\":\"PropertyValueSpecification\",\"valueRequired\":true,\"valueName\":\"search_term_string\"}}],\"inLanguage\":\"es\"},{\"@type\":\"Person\",\"@id\":\"https:\/\/catalanfood.com\/latam\/#\/schema\/person\/2931c04adedca21547f62d11238e408e\",\"name\":\"02740f57436b\",\"image\":{\"@type\":\"ImageObject\",\"inLanguage\":\"es\",\"@id\":\"https:\/\/catalanfood.com\/latam\/#\/schema\/person\/image\/\",\"url\":\"https:\/\/secure.gravatar.com\/avatar\/2ae3a0bbf094015f20b4307ca4ffe06ac1ca20aa9bc01a2a68b653757cfc4d41?s=96&d=mm&r=g\",\"contentUrl\":\"https:\/\/secure.gravatar.com\/avatar\/2ae3a0bbf094015f20b4307ca4ffe06ac1ca20aa9bc01a2a68b653757cfc4d41?s=96&d=mm&r=g\",\"caption\":\"02740f57436b\"},\"sameAs\":[\"https:\/\/catalanfood.com\"],\"url\":\"https:\/\/catalanfood.com\/latam\/author\/02740f57436b\/\"}]}<\/script>\n<!-- \/ Yoast SEO plugin. -->","yoast_head_json":{"title":"Masterclass de Cocina Catalana en Bogot\u00e1: Tradici\u00f3n e Innovaci\u00f3n en el Plato | Catalan Food Latam","robots":{"index":"index","follow":"follow","max-snippet":"max-snippet:-1","max-image-preview":"max-image-preview:large","max-video-preview":"max-video-preview:-1"},"canonical":"https:\/\/catalanfood.com\/latam\/masterclass-cocina-catalana-bogota-2025\/","og_locale":"es_ES","og_type":"article","og_title":"Masterclass de Cocina Catalana en Bogot\u00e1: Tradici\u00f3n e Innovaci\u00f3n en el Plato | Catalan Food Latam","og_description":"Catalan Food organiz\u00f3 una masterclass de cocina catalana en Bogot\u00e1, Colombia, dirigida a chefs, restauradores y profesionales de la gastronom\u00eda locales. La sesi\u00f3n, impartida por un chef catal\u00e1n invitado, explor\u00f3 las t\u00e9cnicas y la despensa de la cocina catalana, con especial \u00e9nfasis en los productos con denominaci\u00f3n de origen. La masterclass abord\u00f3 desde los fundamentos [&hellip;]","og_url":"https:\/\/catalanfood.com\/latam\/masterclass-cocina-catalana-bogota-2025\/","og_site_name":"Catalan Food Latam","article_published_time":"2025-03-05T09:00:00+00:00","author":"02740f57436b","twitter_card":"summary_large_image","twitter_misc":{"Escrito por":"02740f57436b","Tiempo de lectura":"1 minuto"},"schema":{"@context":"https:\/\/schema.org","@graph":[{"@type":"Article","@id":"https:\/\/catalanfood.com\/latam\/masterclass-cocina-catalana-bogota-2025\/#article","isPartOf":{"@id":"https:\/\/catalanfood.com\/latam\/masterclass-cocina-catalana-bogota-2025\/"},"author":{"name":"02740f57436b","@id":"https:\/\/catalanfood.com\/latam\/#\/schema\/person\/2931c04adedca21547f62d11238e408e"},"headline":"Masterclass de Cocina Catalana en Bogot\u00e1: Tradici\u00f3n e Innovaci\u00f3n en el Plato","datePublished":"2025-03-05T09:00:00+00:00","mainEntityOfPage":{"@id":"https:\/\/catalanfood.com\/latam\/masterclass-cocina-catalana-bogota-2025\/"},"wordCount":158,"commentCount":0,"articleSection":["Food","Gastronomy"],"inLanguage":"es","potentialAction":[{"@type":"CommentAction","name":"Comment","target":["https:\/\/catalanfood.com\/latam\/masterclass-cocina-catalana-bogota-2025\/#respond"]}]},{"@type":"WebPage","@id":"https:\/\/catalanfood.com\/latam\/masterclass-cocina-catalana-bogota-2025\/","url":"https:\/\/catalanfood.com\/latam\/masterclass-cocina-catalana-bogota-2025\/","name":"Masterclass de Cocina Catalana en Bogot\u00e1: Tradici\u00f3n e Innovaci\u00f3n en el Plato | Catalan Food Latam","isPartOf":{"@id":"https:\/\/catalanfood.com\/latam\/#website"},"datePublished":"2025-03-05T09:00:00+00:00","author":{"@id":"https:\/\/catalanfood.com\/latam\/#\/schema\/person\/2931c04adedca21547f62d11238e408e"},"breadcrumb":{"@id":"https:\/\/catalanfood.com\/latam\/masterclass-cocina-catalana-bogota-2025\/#breadcrumb"},"inLanguage":"es","potentialAction":[{"@type":"ReadAction","target":["https:\/\/catalanfood.com\/latam\/masterclass-cocina-catalana-bogota-2025\/"]}]},{"@type":"BreadcrumbList","@id":"https:\/\/catalanfood.com\/latam\/masterclass-cocina-catalana-bogota-2025\/#breadcrumb","itemListElement":[{"@type":"ListItem","position":1,"name":"Home","item":"https:\/\/catalanfood.com\/latam\/"},{"@type":"ListItem","position":2,"name":"Masterclass de Cocina Catalana en Bogot\u00e1: Tradici\u00f3n e Innovaci\u00f3n en el Plato"}]},{"@type":"WebSite","@id":"https:\/\/catalanfood.com\/latam\/#website","url":"https:\/\/catalanfood.com\/latam\/","name":"Catalan Food Latam","description":"","potentialAction":[{"@type":"SearchAction","target":{"@type":"EntryPoint","urlTemplate":"https:\/\/catalanfood.com\/latam\/?s={search_term_string}"},"query-input":{"@type":"PropertyValueSpecification","valueRequired":true,"valueName":"search_term_string"}}],"inLanguage":"es"},{"@type":"Person","@id":"https:\/\/catalanfood.com\/latam\/#\/schema\/person\/2931c04adedca21547f62d11238e408e","name":"02740f57436b","image":{"@type":"ImageObject","inLanguage":"es","@id":"https:\/\/catalanfood.com\/latam\/#\/schema\/person\/image\/","url":"https:\/\/secure.gravatar.com\/avatar\/2ae3a0bbf094015f20b4307ca4ffe06ac1ca20aa9bc01a2a68b653757cfc4d41?s=96&d=mm&r=g","contentUrl":"https:\/\/secure.gravatar.com\/avatar\/2ae3a0bbf094015f20b4307ca4ffe06ac1ca20aa9bc01a2a68b653757cfc4d41?s=96&d=mm&r=g","caption":"02740f57436b"},"sameAs":["https:\/\/catalanfood.com"],"url":"https:\/\/catalanfood.com\/latam\/author\/02740f57436b\/"}]}},"_links":{"self":[{"href":"https:\/\/catalanfood.com\/latam\/wp-json\/wp\/v2\/posts\/7604","targetHints":{"allow":["GET"]}}],"collection":[{"href":"https:\/\/catalanfood.com\/latam\/wp-json\/wp\/v2\/posts"}],"about":[{"href":"https:\/\/catalanfood.com\/latam\/wp-json\/wp\/v2\/types\/post"}],"author":[{"embeddable":true,"href":"https:\/\/catalanfood.com\/latam\/wp-json\/wp\/v2\/users\/1"}],"replies":[{"embeddable":true,"href":"https:\/\/catalanfood.com\/latam\/wp-json\/wp\/v2\/comments?post=7604"}],"version-history":[{"count":0,"href":"https:\/\/catalanfood.com\/latam\/wp-json\/wp\/v2\/posts\/7604\/revisions"}],"acf:term":[{"embeddable":true,"taxonomy":"news-type","href":"https:\/\/catalanfood.com\/latam\/wp-json\/wp\/v2\/news-type\/19"},{"embeddable":true,"taxonomy":"market","href":"https:\/\/catalanfood.com\/latam\/wp-json\/wp\/v2\/market\/17"}],"wp:attachment":[{"href":"https:\/\/catalanfood.com\/latam\/wp-json\/wp\/v2\/media?parent=7604"}],"wp:term":[{"taxonomy":"category","embeddable":true,"href":"https:\/\/catalanfood.com\/latam\/wp-json\/wp\/v2\/categories?post=7604"},{"taxonomy":"post_tag","embeddable":true,"href":"https:\/\/catalanfood.com\/latam\/wp-json\/wp\/v2\/tags?post=7604"},{"taxonomy":"market","embeddable":true,"href":"https:\/\/catalanfood.com\/latam\/wp-json\/wp\/v2\/market?post=7604"},{"taxonomy":"news-type","embeddable":true,"href":"https:\/\/catalanfood.com\/latam\/wp-json\/wp\/v2\/news-type?post=7604"}],"curies":[{"name":"wp","href":"https:\/\/api.w.org\/{rel}","templated":true}]}}